{"id":15057,"date":"2018-05-10T02:23:32","date_gmt":"2018-05-10T02:23:32","guid":{"rendered":"http:\/\/www.die-weltmeisterschaft.de\/?p=15057"},"modified":"2018-05-10T02:23:32","modified_gmt":"2018-05-10T02:23:32","slug":"adidas-herren-uefa-euro-2016-belgien-auswartstrikot-replica-hellblauschwarzgelbro7-xl-aa8736","status":"publish","type":"post","link":"http:\/\/www.die-weltmeisterschaft.de\/?p=15057","title":{"rendered":"adidas Herren UEFA EURO 2016 Belgien Ausw\u00e4rtstrikot Replica, Hellblau\/schwarz\/gelb\/ro7, XL, AA8736"},"content":{"rendered":"<p><a href=\"https:\/\/www.amazon.de\/adidas-Belgien-Ausw%C3%A4rtstrikot-Hellblau-AA8736\/dp\/B017AO7YA2?psc=1&amp;SubscriptionId=AKIAICKCSI4G3KIRU55A&amp;tag=ont05f-21&amp;linkCode=xm2&amp;camp=2025&amp;creative=165953&amp;creativeASIN=B017AO7YA2\" rel=\"nofollow\" target=\"_blank\"><img decoding=\"async\" style=\"float:left;margin: 0 20px 10px 0\" src=\"https:\/\/images-eu.ssl-images-amazon.com\/images\/I\/41CNt7N03eL.jpg\" \/><\/a>In diesem Ausw\u00e4rtstrikot wird die belgische Nationalmannschaft bei der EM 2016 in Frankreich auflaufen. Das Trikot ist ein absolutes Muss f\u00fcr jeden Fan dieses Teams. <\/p>\n<p> Das neue Ausw\u00e4rtstrikot der Nationalmannschaft von Belgien verbindet Design mit h\u00f6chster Funktionalit\u00e4t und bietet besten Tragekomfort im Stadion, der Fanmeile oder auf dem Sportplatz. Die ClimaCool Technologie sorgt f\u00fcr W\u00e4rme- und Feuchtigkeitsmanagement durch spezielle Ventilationszonen und Mesh-Eins\u00e4tze f\u00fcr bessere Bel\u00fcftung. Klassische Features wie das hochwertige Wappen und die gro\u00dfe Flagge auf der Vorderseite bezeugen deine Leidenschaft f\u00fcr dein Land.<\/p>\n<h3>Product Features<\/h3>\n<ul>\n<li>Farbe: wei\u00df<\/li>\n<li>100% Polyester<\/li>\n<li>Gr\u00f6\u00dfe: XL &#8211; 58<\/li>\n<li>Marke: adidas<\/li>\n<li>Nationalmannschaften<\/li>\n<\/ul>\n<p><a class=\"amzBuyBtn\" href=\"https:\/\/www.amazon.de\/adidas-Belgien-Ausw%C3%A4rtstrikot-Hellblau-AA8736\/dp\/B017AO7YA2?psc=1&amp;SubscriptionId=AKIAICKCSI4G3KIRU55A&amp;tag=ont05f-21&amp;linkCode=xm2&amp;camp=2025&amp;creative=165953&amp;creativeASIN=B017AO7YA2\" rel=\"nofollow\" target=\"_blank\">Click Here For More Information<\/a><\/p>\n","protected":false},"excerpt":{"rendered":"<p>In diesem Ausw\u00e4rtstrikot wird die belgische Nationalmannschaft bei der EM 2016 in Frankreich auflaufen. Das Trikot ist ein absolutes Muss f\u00fcr jeden Fan dieses Teams. Das neue Ausw\u00e4rtstrikot der Nationalmannschaft von Belgien verbindet Design mit h\u00f6chster Funktionalit\u00e4t und bietet besten Tragekomfort im Stadion, der Fanmeile oder auf dem Sportplatz. Die ClimaCool Technologie sorgt f\u00fcr W\u00e4rme- [&hellip;]<\/p>\n","protected":false},"author":1,"featured_media":0,"comment_status":"open","ping_status":"open","sticky":false,"template":"","format":"standard","meta":[],"categories":[1],"tags":[],"_links":{"self":[{"href":"http:\/\/www.die-weltmeisterschaft.de\/index.php?rest_route=\/wp\/v2\/posts\/15057"}],"collection":[{"href":"http:\/\/www.die-weltmeisterschaft.de\/index.php?rest_route=\/wp\/v2\/posts"}],"about":[{"href":"http:\/\/www.die-weltmeisterschaft.de\/index.php?rest_route=\/wp\/v2\/types\/post"}],"author":[{"embeddable":true,"href":"http:\/\/www.die-weltmeisterschaft.de\/index.php?rest_route=\/wp\/v2\/users\/1"}],"replies":[{"embeddable":true,"href":"http:\/\/www.die-weltmeisterschaft.de\/index.php?rest_route=%2Fwp%2Fv2%2Fcomments&post=15057"}],"version-history":[{"count":0,"href":"http:\/\/www.die-weltmeisterschaft.de\/index.php?rest_route=\/wp\/v2\/posts\/15057\/revisions"}],"wp:attachment":[{"href":"http:\/\/www.die-weltmeisterschaft.de\/index.php?rest_route=%2Fwp%2Fv2%2Fmedia&parent=15057"}],"wp:term":[{"taxonomy":"category","embeddable":true,"href":"http:\/\/www.die-weltmeisterschaft.de\/index.php?rest_route=%2Fwp%2Fv2%2Fcategories&post=15057"},{"taxonomy":"post_tag","embeddable":true,"href":"http:\/\/www.die-weltmeisterschaft.de\/index.php?rest_route=%2Fwp%2Fv2%2Ftags&post=15057"}],"curies":[{"name":"wp","href":"https:\/\/api.w.org\/{rel}","templated":true}]}}