{"id":15070,"date":"2018-05-11T05:26:10","date_gmt":"2018-05-11T05:26:10","guid":{"rendered":"http:\/\/www.die-weltmeisterschaft.de\/?p=15070"},"modified":"2018-05-11T05:26:10","modified_gmt":"2018-05-11T05:26:10","slug":"fanschal-schal-landerschal-deutschlandschal-aus-satin-in-deutschland-farben-zur-fusball-wm-2018-schwarz-rot-weis","status":"publish","type":"post","link":"http:\/\/www.die-weltmeisterschaft.de\/?p=15070","title":{"rendered":"Fanschal Schal L\u00e4nderschal Deutschlandschal aus Satin in Deutschland-Farben zur Fu\u00dfball-WM 2018 schwarz-rot-wei\u00df"},"content":{"rendered":"<p><a href=\"https:\/\/www.amazon.de\/L%C3%A4nderschal-Deutschlandschal-Deutschland-Farben-Fu%C3%9Fball-WM-schwarz-rot-wei%C3%9F\/dp\/B01F3EHEDI?SubscriptionId=AKIAICKCSI4G3KIRU55A&amp;tag=ont05f-21&amp;linkCode=xm2&amp;camp=2025&amp;creative=165953&amp;creativeASIN=B01F3EHEDI\" rel=\"nofollow\" target=\"_blank\"><img decoding=\"async\" style=\"float:left;margin: 0 20px 10px 0\" src=\"https:\/\/images-eu.ssl-images-amazon.com\/images\/I\/41qywkUBlfL.jpg\" \/><\/a><\/p>\n<p><b>Fan-Schal aus Satin in Deutschland-Farben zur Fu\u00dfball-WM 2018 schwarz-rot-wei\u00df &#8220;Germany&#8221; <\/p>\n<p> Details: <\/p>\n<p><\/b> &amp;#45<b>Ma\u00dfe:<\/b> L\u00e4nge 140 cm x Breite 15 cm<\/p>\n<p> &amp;#45<b> Farbe:<\/b> schwarz \/ rot \/ wei\u00df<\/p>\n<p> &amp;#45<b> Material:<\/b> Polyester<\/p>\n<p> <b>\u2022 saubere Verarbeitung <\/p>\n<p> <b>\u2022 leichter Schal mit Franzen<\/p>\n<p> <b>\u2022 Deutschlandfarben mit Schriftzug &#8220;Deutschland&#8221;<\/p>\n<p> <b>\u2022 Gesamtgewicht ca. 40 gr. <\/p>\n<p><\/b> <\/p>\n<p>Dieser Schal ist ein absolutes MUSS f\u00fcr jeden Fu\u00dfball-Fan zur Weltmeisterschaft 2018!<br \/> <\/b><\/p>\n<p> Lieferumfang: 1 x Fan-Schal ohne Dekoration<\/p>\n<h3>Product Features<\/h3>\n<ul>\n<li>Fan-Schal aus Satin in Deutschland-Farben zur Fu\u00dfball-WM 2018 schwarz-rot-wei\u00df<\/li>\n<li>Ma\u00dfe: L\u00e4nge 140 cm x Breite 15 cm<\/li>\n<li>Farbe: schwarz \/ rot \/ wei\u00df<\/li>\n<li>Material: Polyester<\/li>\n<li>Lieferumfang: 1 x Fan-Schal ohne Dekoration<\/li>\n<\/ul>\n<p><a class=\"amzBuyBtn\" href=\"https:\/\/www.amazon.de\/L%C3%A4nderschal-Deutschlandschal-Deutschland-Farben-Fu%C3%9Fball-WM-schwarz-rot-wei%C3%9F\/dp\/B01F3EHEDI?SubscriptionId=AKIAICKCSI4G3KIRU55A&amp;tag=ont05f-21&amp;linkCode=xm2&amp;camp=2025&amp;creative=165953&amp;creativeASIN=B01F3EHEDI\" rel=\"nofollow\" target=\"_blank\">Click Here For More Information<\/a><\/p>\n","protected":false},"excerpt":{"rendered":"<p>Fan-Schal aus Satin in Deutschland-Farben zur Fu\u00dfball-WM 2018 schwarz-rot-wei\u00df &#8220;Germany&#8221; Details: &amp;#45Ma\u00dfe: L\u00e4nge 140 cm x Breite 15 cm &amp;#45 Farbe: schwarz \/ rot \/ wei\u00df &amp;#45 Material: Polyester \u2022 saubere Verarbeitung \u2022 leichter Schal mit Franzen \u2022 Deutschlandfarben mit Schriftzug &#8220;Deutschland&#8221; \u2022 Gesamtgewicht ca. 40 gr. Dieser Schal ist ein absolutes MUSS f\u00fcr jeden [&hellip;]<\/p>\n","protected":false},"author":12,"featured_media":0,"comment_status":"open","ping_status":"open","sticky":false,"template":"","format":"standard","meta":[],"categories":[1],"tags":[],"_links":{"self":[{"href":"http:\/\/www.die-weltmeisterschaft.de\/index.php?rest_route=\/wp\/v2\/posts\/15070"}],"collection":[{"href":"http:\/\/www.die-weltmeisterschaft.de\/index.php?rest_route=\/wp\/v2\/posts"}],"about":[{"href":"http:\/\/www.die-weltmeisterschaft.de\/index.php?rest_route=\/wp\/v2\/types\/post"}],"author":[{"embeddable":true,"href":"http:\/\/www.die-weltmeisterschaft.de\/index.php?rest_route=\/wp\/v2\/users\/12"}],"replies":[{"embeddable":true,"href":"http:\/\/www.die-weltmeisterschaft.de\/index.php?rest_route=%2Fwp%2Fv2%2Fcomments&post=15070"}],"version-history":[{"count":0,"href":"http:\/\/www.die-weltmeisterschaft.de\/index.php?rest_route=\/wp\/v2\/posts\/15070\/revisions"}],"wp:attachment":[{"href":"http:\/\/www.die-weltmeisterschaft.de\/index.php?rest_route=%2Fwp%2Fv2%2Fmedia&parent=15070"}],"wp:term":[{"taxonomy":"category","embeddable":true,"href":"http:\/\/www.die-weltmeisterschaft.de\/index.php?rest_route=%2Fwp%2Fv2%2Fcategories&post=15070"},{"taxonomy":"post_tag","embeddable":true,"href":"http:\/\/www.die-weltmeisterschaft.de\/index.php?rest_route=%2Fwp%2Fv2%2Ftags&post=15070"}],"curies":[{"name":"wp","href":"https:\/\/api.w.org\/{rel}","templated":true}]}}