{"id":15071,"date":"2018-05-11T05:26:11","date_gmt":"2018-05-11T05:26:11","guid":{"rendered":"http:\/\/www.die-weltmeisterschaft.de\/?p=15071"},"modified":"2018-05-11T05:26:11","modified_gmt":"2018-05-11T05:26:11","slug":"50-x-trillerpfeife-fusball-5cm-4-farben-bunte-kordeln-pfeife-fanartikel-wm-em-2","status":"publish","type":"post","link":"http:\/\/www.die-weltmeisterschaft.de\/?p=15071","title":{"rendered":"50 x Trillerpfeife Fu\u00dfball 5cm 4 Farben bunte Kordeln Pfeife Fanartikel WM EM"},"content":{"rendered":"<p><a href=\"https:\/\/www.amazon.de\/Trillerpfeife-Fu%C3%9Fball-Farben-Kordeln-Fanartikel\/dp\/B07B69YWDC?SubscriptionId=AKIAICKCSI4G3KIRU55A&amp;tag=ont05f-21&amp;linkCode=xm2&amp;camp=2025&amp;creative=165953&amp;creativeASIN=B07B69YWDC\" rel=\"nofollow\" target=\"_blank\"><img decoding=\"async\" style=\"float:left;margin: 0 20px 10px 0\" src=\"https:\/\/images-eu.ssl-images-amazon.com\/images\/I\/41m1aR4GkFL.jpg\" \/><\/a><\/p>\n<h3>Product Features<\/h3>\n<ul>\n<li>Die Sortierung erfolgt zuf\u00e4llig, Auswahl der Farbe nicht m\u00f6glich<\/li>\n<li>sind einzeln verpackt<\/li>\n<li>geliefert werden 50 St\u00fcck<\/li>\n<\/ul>\n<p><a class=\"amzBuyBtn\" href=\"https:\/\/www.amazon.de\/Trillerpfeife-Fu%C3%9Fball-Farben-Kordeln-Fanartikel\/dp\/B07B69YWDC?SubscriptionId=AKIAICKCSI4G3KIRU55A&amp;tag=ont05f-21&amp;linkCode=xm2&amp;camp=2025&amp;creative=165953&amp;creativeASIN=B07B69YWDC\" rel=\"nofollow\" target=\"_blank\">Click Here For More Information<\/a><\/p>\n","protected":false},"excerpt":{"rendered":"<p>Product Features Die Sortierung erfolgt zuf\u00e4llig, Auswahl der Farbe nicht m\u00f6glich sind einzeln verpackt geliefert werden 50 St\u00fcck Click Here For More Information<\/p>\n","protected":false},"author":6,"featured_media":0,"comment_status":"open","ping_status":"open","sticky":false,"template":"","format":"standard","meta":[],"categories":[1],"tags":[],"_links":{"self":[{"href":"http:\/\/www.die-weltmeisterschaft.de\/index.php?rest_route=\/wp\/v2\/posts\/15071"}],"collection":[{"href":"http:\/\/www.die-weltmeisterschaft.de\/index.php?rest_route=\/wp\/v2\/posts"}],"about":[{"href":"http:\/\/www.die-weltmeisterschaft.de\/index.php?rest_route=\/wp\/v2\/types\/post"}],"author":[{"embeddable":true,"href":"http:\/\/www.die-weltmeisterschaft.de\/index.php?rest_route=\/wp\/v2\/users\/6"}],"replies":[{"embeddable":true,"href":"http:\/\/www.die-weltmeisterschaft.de\/index.php?rest_route=%2Fwp%2Fv2%2Fcomments&post=15071"}],"version-history":[{"count":0,"href":"http:\/\/www.die-weltmeisterschaft.de\/index.php?rest_route=\/wp\/v2\/posts\/15071\/revisions"}],"wp:attachment":[{"href":"http:\/\/www.die-weltmeisterschaft.de\/index.php?rest_route=%2Fwp%2Fv2%2Fmedia&parent=15071"}],"wp:term":[{"taxonomy":"category","embeddable":true,"href":"http:\/\/www.die-weltmeisterschaft.de\/index.php?rest_route=%2Fwp%2Fv2%2Fcategories&post=15071"},{"taxonomy":"post_tag","embeddable":true,"href":"http:\/\/www.die-weltmeisterschaft.de\/index.php?rest_route=%2Fwp%2Fv2%2Ftags&post=15071"}],"curies":[{"name":"wp","href":"https:\/\/api.w.org\/{rel}","templated":true}]}}