{"id":15103,"date":"2018-05-14T17:23:21","date_gmt":"2018-05-14T17:23:21","guid":{"rendered":"http:\/\/www.die-weltmeisterschaft.de\/?p=15103"},"modified":"2018-05-14T17:23:21","modified_gmt":"2018-05-14T17:23:21","slug":"fashion-brille-fan-deutschland-fusball-wm-em","status":"publish","type":"post","link":"http:\/\/www.die-weltmeisterschaft.de\/?p=15103","title":{"rendered":"Fashion-Brille FAN, Deutschland, Fu\u00dfball, WM, EM"},"content":{"rendered":"<p><a href=\"https:\/\/www.amazon.de\/Fashion-Brille-FAN-Deutschland-Fu%C3%9Fball-WM\/dp\/B015WHNZMK?SubscriptionId=AKIAICKCSI4G3KIRU55A&amp;tag=ont05f-21&amp;linkCode=xm2&amp;camp=2025&amp;creative=165953&amp;creativeASIN=B015WHNZMK\" rel=\"nofollow\" target=\"_blank\"><img decoding=\"async\" style=\"float:left;margin: 0 20px 10px 0\" src=\"https:\/\/images-eu.ssl-images-amazon.com\/images\/I\/41LZwhki-eL.jpg\" \/><\/a>H\u00f6chste Zeit sich f\u00fcr die n\u00e4chsten L\u00e4nderspiele zu wappnen und den passenden Fanartikel zu besorgen!<\/p>\n<p> Sie haben keine Lust mehr auf eine normale langweilige Sonnenbrille? <br \/>Dann ist diese Fan-Brille genau das Richtige f\u00fcr Sie, denn sie ist nicht nur in den typischen Deutschlandfarben gehalten, sondern sie besitzt auch eine au\u00dfergew\u00f6hnliche Form. <br \/> Sei es beim Fu\u00dfball, Basketball, Handball, Leichtathletik, Rugby, Eishockey oder Olympia mit dieser Brille werden Sie zu einem echt coolen Fan.<br \/> Aufgrund der speziellen Form ist die Brille ein optisches Highlight und eine gute Erg\u00e4nzung zu Ihrem Outfit.<br \/> Mit diesem modischen Fanartikel haben Sie jederzeit die M\u00f6glichkeit hinter Ihrem Nationalteam zu stehen und mitzufiebern. <br \/>Sowohl beim L\u00e4nderspiel im Stadion, als auch beim Public-Viewing werden Sie so den Durchblick nicht verlieren und trotz Sonnenschein kein Tor verpassen.<\/p>\n<p> Die Brille ist aus robustem Kunststoff gefertigt und mit UV-Schutz ausgestattet. <br \/> Es handelt sich dabei um eine Universalgr\u00f6\u00dfe, weswegen sie f\u00fcr jeden Erwachsenen geeignet ist.<br \/> Aufgrund des leichten Materials bietet sie ein angenehmes Tragegef\u00fchl auf der Nase. <br \/> Pflege: Reinigung mit mildem Seifenwasser und einem weichen Tuch trocknen. <br \/> Aufbewahrung am besten in einem Etui. <br \/> Achtung: Dieses Produkt ist ein Karnevalsartikel und keine Sonnenbrille im Sinne der Richtlinie 89\/686\/EWG. <br \/> Diese Spa\u00df-Brille ist nicht f\u00fcr die direkte Betrachtung der Sonne geeignet. <br \/> Nicht im Stra\u00dfenverkehr verwenden, das Sichtfeld kann teilweise eingeschr\u00e4nkt sein.<\/p>\n<p> Aufgrund der Lichtverh\u00e4ltnisse bei der Produktfotografie und unterschiedlichen Bildschirmeinstellungen kann es dazu kommen, <br \/> dass die Farbe des Produktes nicht authentisch wiedergegeben wird.<\/p>\n<p> Viele weitere FAN-Accessoires, sowie passende Dekorationen finden Sie in unserem Sortiment.<\/p>\n<h3>Product Features<\/h3>\n<ul>\n<li>Lieferumfang: 1-tlg. Brille &#8220;FAN&#8221;<\/li>\n<li>Farbe: schwarz-rot-gelb<\/li>\n<li>Material: Kunststoff<\/li>\n<li>UV 400<\/li>\n<li>Ohne weitere abgebildete Accessoires<\/li>\n<\/ul>\n<p><a class=\"amzBuyBtn\" href=\"https:\/\/www.amazon.de\/Fashion-Brille-FAN-Deutschland-Fu%C3%9Fball-WM\/dp\/B015WHNZMK?SubscriptionId=AKIAICKCSI4G3KIRU55A&amp;tag=ont05f-21&amp;linkCode=xm2&amp;camp=2025&amp;creative=165953&amp;creativeASIN=B015WHNZMK\" rel=\"nofollow\" target=\"_blank\">Click Here For More Information<\/a><\/p>\n","protected":false},"excerpt":{"rendered":"<p>H\u00f6chste Zeit sich f\u00fcr die n\u00e4chsten L\u00e4nderspiele zu wappnen und den passenden Fanartikel zu besorgen! Sie haben keine Lust mehr auf eine normale langweilige Sonnenbrille? Dann ist diese Fan-Brille genau das Richtige f\u00fcr Sie, denn sie ist nicht nur in den typischen Deutschlandfarben gehalten, sondern sie besitzt auch eine au\u00dfergew\u00f6hnliche Form. Sei es beim Fu\u00dfball, [&hellip;]<\/p>\n","protected":false},"author":12,"featured_media":0,"comment_status":"open","ping_status":"open","sticky":false,"template":"","format":"standard","meta":[],"categories":[1],"tags":[],"_links":{"self":[{"href":"http:\/\/www.die-weltmeisterschaft.de\/index.php?rest_route=\/wp\/v2\/posts\/15103"}],"collection":[{"href":"http:\/\/www.die-weltmeisterschaft.de\/index.php?rest_route=\/wp\/v2\/posts"}],"about":[{"href":"http:\/\/www.die-weltmeisterschaft.de\/index.php?rest_route=\/wp\/v2\/types\/post"}],"author":[{"embeddable":true,"href":"http:\/\/www.die-weltmeisterschaft.de\/index.php?rest_route=\/wp\/v2\/users\/12"}],"replies":[{"embeddable":true,"href":"http:\/\/www.die-weltmeisterschaft.de\/index.php?rest_route=%2Fwp%2Fv2%2Fcomments&post=15103"}],"version-history":[{"count":0,"href":"http:\/\/www.die-weltmeisterschaft.de\/index.php?rest_route=\/wp\/v2\/posts\/15103\/revisions"}],"wp:attachment":[{"href":"http:\/\/www.die-weltmeisterschaft.de\/index.php?rest_route=%2Fwp%2Fv2%2Fmedia&parent=15103"}],"wp:term":[{"taxonomy":"category","embeddable":true,"href":"http:\/\/www.die-weltmeisterschaft.de\/index.php?rest_route=%2Fwp%2Fv2%2Fcategories&post=15103"},{"taxonomy":"post_tag","embeddable":true,"href":"http:\/\/www.die-weltmeisterschaft.de\/index.php?rest_route=%2Fwp%2Fv2%2Ftags&post=15103"}],"curies":[{"name":"wp","href":"https:\/\/api.w.org\/{rel}","templated":true}]}}