{"id":15316,"date":"2018-06-08T05:29:39","date_gmt":"2018-06-08T05:29:39","guid":{"rendered":"http:\/\/www.die-weltmeisterschaft.de\/?p=15316"},"modified":"2018-06-08T05:29:39","modified_gmt":"2018-06-08T05:29:39","slug":"flagge-kroatien-fahne-150x90cm","status":"publish","type":"post","link":"http:\/\/www.die-weltmeisterschaft.de\/?p=15316","title":{"rendered":"Flagge Kroatien Fahne 150x90cm"},"content":{"rendered":"<p><a href=\"https:\/\/www.amazon.de\/Wagner-Automaten-Flagge-Kroatien-150x90cm\/dp\/B0088OEDC6?SubscriptionId=AKIAICKCSI4G3KIRU55A&amp;tag=ont05f-21&amp;linkCode=xm2&amp;camp=2025&amp;creative=165953&amp;creativeASIN=B0088OEDC6\" rel=\"nofollow\" target=\"_blank\"><img decoding=\"async\" style=\"float:left;margin: 0 20px 10px 0\" src=\"https:\/\/images-eu.ssl-images-amazon.com\/images\/I\/21r5HkEfJLL.jpg\" \/><\/a>ca. 90 cm x 150 cm mit 2 Metall\u00f6sen zum Hissen 100% Polyester, UV-best\u00e4ndig und wasserfest Ums\u00e4umt Einzeln in Folie verpackt<\/p>\n<h3>Product Features<\/h3>\n<ul>\n<li>Flagge Kroatien<\/li>\n<li>100% Polyester<\/li>\n<li>2 Messing-\u00d6sen zum Hissen<\/li>\n<li>Gr\u00f6\u00dfe : 150cm x 90cm<\/li>\n<\/ul>\n<p><a class=\"amzBuyBtn\" href=\"https:\/\/www.amazon.de\/Wagner-Automaten-Flagge-Kroatien-150x90cm\/dp\/B0088OEDC6?SubscriptionId=AKIAICKCSI4G3KIRU55A&amp;tag=ont05f-21&amp;linkCode=xm2&amp;camp=2025&amp;creative=165953&amp;creativeASIN=B0088OEDC6\" rel=\"nofollow\" target=\"_blank\">Click Here For More Information<\/a><\/p>\n","protected":false},"excerpt":{"rendered":"<p>ca. 90 cm x 150 cm mit 2 Metall\u00f6sen zum Hissen 100% Polyester, UV-best\u00e4ndig und wasserfest Ums\u00e4umt Einzeln in Folie verpackt Product Features Flagge Kroatien 100% Polyester 2 Messing-\u00d6sen zum Hissen Gr\u00f6\u00dfe : 150cm x 90cm Click Here For More Information<\/p>\n","protected":false},"author":8,"featured_media":0,"comment_status":"open","ping_status":"open","sticky":false,"template":"","format":"standard","meta":[],"categories":[1],"tags":[],"_links":{"self":[{"href":"http:\/\/www.die-weltmeisterschaft.de\/index.php?rest_route=\/wp\/v2\/posts\/15316"}],"collection":[{"href":"http:\/\/www.die-weltmeisterschaft.de\/index.php?rest_route=\/wp\/v2\/posts"}],"about":[{"href":"http:\/\/www.die-weltmeisterschaft.de\/index.php?rest_route=\/wp\/v2\/types\/post"}],"author":[{"embeddable":true,"href":"http:\/\/www.die-weltmeisterschaft.de\/index.php?rest_route=\/wp\/v2\/users\/8"}],"replies":[{"embeddable":true,"href":"http:\/\/www.die-weltmeisterschaft.de\/index.php?rest_route=%2Fwp%2Fv2%2Fcomments&post=15316"}],"version-history":[{"count":0,"href":"http:\/\/www.die-weltmeisterschaft.de\/index.php?rest_route=\/wp\/v2\/posts\/15316\/revisions"}],"wp:attachment":[{"href":"http:\/\/www.die-weltmeisterschaft.de\/index.php?rest_route=%2Fwp%2Fv2%2Fmedia&parent=15316"}],"wp:term":[{"taxonomy":"category","embeddable":true,"href":"http:\/\/www.die-weltmeisterschaft.de\/index.php?rest_route=%2Fwp%2Fv2%2Fcategories&post=15316"},{"taxonomy":"post_tag","embeddable":true,"href":"http:\/\/www.die-weltmeisterschaft.de\/index.php?rest_route=%2Fwp%2Fv2%2Ftags&post=15316"}],"curies":[{"name":"wp","href":"https:\/\/api.w.org\/{rel}","templated":true}]}}