{"id":15330,"date":"2018-06-09T23:40:37","date_gmt":"2018-06-09T23:40:37","guid":{"rendered":"http:\/\/www.die-weltmeisterschaft.de\/?p=15330"},"modified":"2018-06-09T23:40:37","modified_gmt":"2018-06-09T23:40:37","slug":"flagge-fahne-frankreich-allez-les-bleus-90-x-150-cm-flaggenfritze","status":"publish","type":"post","link":"http:\/\/www.die-weltmeisterschaft.de\/?p=15330","title":{"rendered":"Flagge \/ Fahne Frankreich Allez les Bleus &#8211; 90 x 150 cm, Flaggenfritze\u00ae"},"content":{"rendered":"<p><a href=\"https:\/\/www.amazon.de\/Flagge-Fahne-Frankreich-Allez-Bleus\/dp\/B00JRXJH9Q?SubscriptionId=AKIAICKCSI4G3KIRU55A&amp;tag=ont05f-21&amp;linkCode=xm2&amp;camp=2025&amp;creative=165953&amp;creativeASIN=B00JRXJH9Q\" rel=\"nofollow\" target=\"_blank\"><img decoding=\"async\" style=\"float:left;margin: 0 20px 10px 0\" src=\"https:\/\/images-eu.ssl-images-amazon.com\/images\/I\/41BewuXgZIL.jpg\" \/><\/a><\/p>\n<h3>Product Features<\/h3>\n<ul>\n<li>Gr\u00f6\u00dfe der Fahne: 90 x 150 cm<\/li>\n<li>Hissfertig mit 2 Metall\u00f6sen<\/li>\n<li>100% rei\u00dffestes Polyester<\/li>\n<li>UV &#8211; best\u00e4ndig, hohe Farbbrillanz<\/li>\n<li>Exklusive Fanflagge<\/li>\n<\/ul>\n<p><a class=\"amzBuyBtn\" href=\"https:\/\/www.amazon.de\/Flagge-Fahne-Frankreich-Allez-Bleus\/dp\/B00JRXJH9Q?SubscriptionId=AKIAICKCSI4G3KIRU55A&amp;tag=ont05f-21&amp;linkCode=xm2&amp;camp=2025&amp;creative=165953&amp;creativeASIN=B00JRXJH9Q\" rel=\"nofollow\" target=\"_blank\">Click Here For More Information<\/a><\/p>\n","protected":false},"excerpt":{"rendered":"<p>Product Features Gr\u00f6\u00dfe der Fahne: 90 x 150 cm Hissfertig mit 2 Metall\u00f6sen 100% rei\u00dffestes Polyester UV &#8211; best\u00e4ndig, hohe Farbbrillanz Exklusive Fanflagge Click Here For More Information<\/p>\n","protected":false},"author":8,"featured_media":0,"comment_status":"open","ping_status":"open","sticky":false,"template":"","format":"standard","meta":[],"categories":[1],"tags":[],"_links":{"self":[{"href":"http:\/\/www.die-weltmeisterschaft.de\/index.php?rest_route=\/wp\/v2\/posts\/15330"}],"collection":[{"href":"http:\/\/www.die-weltmeisterschaft.de\/index.php?rest_route=\/wp\/v2\/posts"}],"about":[{"href":"http:\/\/www.die-weltmeisterschaft.de\/index.php?rest_route=\/wp\/v2\/types\/post"}],"author":[{"embeddable":true,"href":"http:\/\/www.die-weltmeisterschaft.de\/index.php?rest_route=\/wp\/v2\/users\/8"}],"replies":[{"embeddable":true,"href":"http:\/\/www.die-weltmeisterschaft.de\/index.php?rest_route=%2Fwp%2Fv2%2Fcomments&post=15330"}],"version-history":[{"count":0,"href":"http:\/\/www.die-weltmeisterschaft.de\/index.php?rest_route=\/wp\/v2\/posts\/15330\/revisions"}],"wp:attachment":[{"href":"http:\/\/www.die-weltmeisterschaft.de\/index.php?rest_route=%2Fwp%2Fv2%2Fmedia&parent=15330"}],"wp:term":[{"taxonomy":"category","embeddable":true,"href":"http:\/\/www.die-weltmeisterschaft.de\/index.php?rest_route=%2Fwp%2Fv2%2Fcategories&post=15330"},{"taxonomy":"post_tag","embeddable":true,"href":"http:\/\/www.die-weltmeisterschaft.de\/index.php?rest_route=%2Fwp%2Fv2%2Ftags&post=15330"}],"curies":[{"name":"wp","href":"https:\/\/api.w.org\/{rel}","templated":true}]}}