{"id":15346,"date":"2018-06-13T11:23:23","date_gmt":"2018-06-13T11:23:23","guid":{"rendered":"http:\/\/www.die-weltmeisterschaft.de\/?p=15346"},"modified":"2018-06-13T11:23:23","modified_gmt":"2018-06-13T11:23:23","slug":"alsino-2-stk-lander-autospiegel-flagge-fahne-uberzug-spiegelfahne-ausenspiegelflagge-spiegelflagge-wahlenas-05-schweiz","status":"publish","type":"post","link":"http:\/\/www.die-weltmeisterschaft.de\/?p=15346","title":{"rendered":"Alsino 2 Stk L\u00e4nder Autospiegel Flagge Fahne \u00dcberzug Spiegelfahne Au\u00dfenspiegelflagge Spiegelflagge, w\u00e4hlen:AS-05 Schweiz"},"content":{"rendered":"<p><a href=\"https:\/\/www.amazon.de\/Alsino-Autospiegel-Spiegelfahne-Au%C3%9Fenspiegelflagge-Spiegelflagge\/dp\/B00K75L49O?psc=1&amp;SubscriptionId=AKIAICKCSI4G3KIRU55A&amp;tag=ont05f-21&amp;linkCode=xm2&amp;camp=2025&amp;creative=165953&amp;creativeASIN=B00K75L49O\" rel=\"nofollow\" target=\"_blank\"><img decoding=\"async\" style=\"float:left;margin: 0 20px 10px 0\" src=\"https:\/\/images-eu.ssl-images-amazon.com\/images\/I\/41zUFMNqJ-L.jpg\" \/><\/a>Autospiegel \u00dcberzug &#8211; Verschiedene L\u00e4nderflaggen f\u00fcr das Auto<\/p>\n<p>Die Autospiegelflagge als Spiegel\u00fcberzug. Die Flagge wird ganz einfach \u00fcber den Au\u00dfenspiegel gezogen und wird dadurch zum mobilen Fanartikel f\u00fcr die Fu\u00dfball WM. Sie erhalten 2 St\u00fcck Autospiegelflaggen zum Bestpreis.<\/p>\n<p>\u00c2\u00a0<\/p>\n<p>Die absolute Neuheit f\u00fcr alle Fu\u00dfball Ereignisse! Der praktische Mega-Hit f\u00fcr Ihren PKW &#8211; Au\u00dfenspiegel. Sie erhalten 1 Paar qualitativ hochwertige Autospiegel Flaggen (f\u00fcr linken und rechten Au\u00dfenspiegel). Die Au\u00dfenspiegel\u00fcberz\u00fcge haben eine top Qualit\u00e4t und Verarbeitung. Zudem sind diese sehr pflegeleicht und die Bez\u00fcge k\u00f6nnen gewaschen werden. Die PKW Au\u00dfenspiegel \u00dcberz\u00fcge haben sehr sch\u00f6ne leuchtende Farben. Durch den dehnbaren Stoff und die Gummiz\u00fcge lassen sich die\u00c2\u00a0Au\u00dfenspiegelbez\u00fcge sehr leicht anbringen und entfernen. Die \u00dcberz\u00fcge passen sich perfekt an die Au\u00dfenspiegel an. Das Sichtfeld der Spiegelfl\u00e4che bleibt offen. Keine Beeintr\u00e4chtigung bei beheizbaren und elektrischen Spiegeln. Die Spiegel Bez\u00fcge sind wetterbest\u00e4ndig.<br \/>\u00c2\u00a0<\/p>\n<p>Die Spiegelfahne passt auf &#8216;alle g\u00e4ngigen PKW Spiegel&#8217;.<br \/>\u00c2\u00a0<\/p>\n<p>Folgende L\u00e4nderflaggen stehen zur Wahl:<br \/>\u00c2\u00a0<\/p>\n<p>Deutschland, Portugal, Brasilien, Russland, Kroatien, Belgien, Spanien, Frankreich, Schweiz, Italien<\/p>\n<h3>Product Features<\/h3>\n<ul>\n<li>Lieferumfang: 2 St\u00fcck Autospiegel\u00fcberz\u00fcge f\u00fcr die Au\u00dfenspiegel<\/li>\n<li>Die \u00dcberz\u00fcge lassen sich mit einem Band schnell befestigen<\/li>\n<li>Behindert nicht die Sicht beim fahren<\/li>\n<li>H\u00e4lt auch bei hohen Geschwindigkeiten<\/li>\n<li>Ideal f\u00fcr die WM oder EM<\/li>\n<\/ul>\n<p><a class=\"amzBuyBtn\" href=\"https:\/\/www.amazon.de\/Alsino-Autospiegel-Spiegelfahne-Au%C3%9Fenspiegelflagge-Spiegelflagge\/dp\/B00K75L49O?psc=1&amp;SubscriptionId=AKIAICKCSI4G3KIRU55A&amp;tag=ont05f-21&amp;linkCode=xm2&amp;camp=2025&amp;creative=165953&amp;creativeASIN=B00K75L49O\" rel=\"nofollow\" target=\"_blank\">Click Here For More Information<\/a><\/p>\n","protected":false},"excerpt":{"rendered":"<p>Autospiegel \u00dcberzug &#8211; Verschiedene L\u00e4nderflaggen f\u00fcr das Auto Die Autospiegelflagge als Spiegel\u00fcberzug. Die Flagge wird ganz einfach \u00fcber den Au\u00dfenspiegel gezogen und wird dadurch zum mobilen Fanartikel f\u00fcr die Fu\u00dfball WM. Sie erhalten 2 St\u00fcck Autospiegelflaggen zum Bestpreis. \u00c2\u00a0 Die absolute Neuheit f\u00fcr alle Fu\u00dfball Ereignisse! Der praktische Mega-Hit f\u00fcr Ihren PKW &#8211; Au\u00dfenspiegel. Sie [&hellip;]<\/p>\n","protected":false},"author":2,"featured_media":0,"comment_status":"open","ping_status":"open","sticky":false,"template":"","format":"standard","meta":[],"categories":[1],"tags":[],"_links":{"self":[{"href":"http:\/\/www.die-weltmeisterschaft.de\/index.php?rest_route=\/wp\/v2\/posts\/15346"}],"collection":[{"href":"http:\/\/www.die-weltmeisterschaft.de\/index.php?rest_route=\/wp\/v2\/posts"}],"about":[{"href":"http:\/\/www.die-weltmeisterschaft.de\/index.php?rest_route=\/wp\/v2\/types\/post"}],"author":[{"embeddable":true,"href":"http:\/\/www.die-weltmeisterschaft.de\/index.php?rest_route=\/wp\/v2\/users\/2"}],"replies":[{"embeddable":true,"href":"http:\/\/www.die-weltmeisterschaft.de\/index.php?rest_route=%2Fwp%2Fv2%2Fcomments&post=15346"}],"version-history":[{"count":0,"href":"http:\/\/www.die-weltmeisterschaft.de\/index.php?rest_route=\/wp\/v2\/posts\/15346\/revisions"}],"wp:attachment":[{"href":"http:\/\/www.die-weltmeisterschaft.de\/index.php?rest_route=%2Fwp%2Fv2%2Fmedia&parent=15346"}],"wp:term":[{"taxonomy":"category","embeddable":true,"href":"http:\/\/www.die-weltmeisterschaft.de\/index.php?rest_route=%2Fwp%2Fv2%2Fcategories&post=15346"},{"taxonomy":"post_tag","embeddable":true,"href":"http:\/\/www.die-weltmeisterschaft.de\/index.php?rest_route=%2Fwp%2Fv2%2Ftags&post=15346"}],"curies":[{"name":"wp","href":"https:\/\/api.w.org\/{rel}","templated":true}]}}