{"id":15391,"date":"2018-06-17T19:22:39","date_gmt":"2018-06-17T19:22:39","guid":{"rendered":"http:\/\/www.die-weltmeisterschaft.de\/?p=15391"},"modified":"2018-06-17T19:22:39","modified_gmt":"2018-06-17T19:22:39","slug":"adidas-herren-2016-k6-ai5014-dfb-trikot-home-khedira-em-2016-weis-m-50","status":"publish","type":"post","link":"http:\/\/www.die-weltmeisterschaft.de\/?p=15391","title":{"rendered":"adidas Herren 2016-K6-AI5014 Dfb Trikot Home Khedira Em 2016, Wei\u00df, M-50"},"content":{"rendered":"<p><a href=\"https:\/\/www.amazon.de\/adidas-Herren-2016-K6-AI5014-Trikot-Khedira\/dp\/B01G9HH956?psc=1&amp;SubscriptionId=AKIAICKCSI4G3KIRU55A&amp;tag=ont05f-21&amp;linkCode=xm2&amp;camp=2025&amp;creative=165953&amp;creativeASIN=B01G9HH956\" rel=\"nofollow\" target=\"_blank\"><img decoding=\"async\" style=\"float:left;margin: 0 20px 10px 0\" src=\"https:\/\/images-eu.ssl-images-amazon.com\/images\/I\/41s2EXpiQgL.jpg\" \/><\/a>Nach dem gro\u00dfen Erfolg in Brasilien geht die DFB Auswahl im Sommer 2016 in Frankreich auf die Jagd nach dem n\u00e4chsten gro\u00dfen Pokal. Die neue Kollektion, mit dem viel umjubelten vierten Stern auf der Brust, wird die Elf um Schweinsteiger und Co. auf ihrer Reise begleiten und ist f\u00fcr jeden Fan der Nationalmannschaft ein absolutes Muss. <\/p>\n<p> Das neue Heimtrikot der Nationalmannschaft f\u00fcr Herren mit Name und der legend\u00e4ren Nummer 6 von Sami Khedira \u00fcberzeugt wie auch sein Vorg\u00e4nger in traditionellem wei\u00df sowie mit bestem Tragekomfort f\u00fcr Stadion, Fanmeile oder Sportplatz. Klassische Features wie das hochwertige DFB-Logo auf der Brust und die dazugeh\u00f6rigen vier Sterne bezeugen deine Leidenschaft f\u00fcr das deutsche Team, welches im Juni 2016 um die Krone Europas k\u00e4mpfen wird.<\/p>\n<h3>Product Features<\/h3>\n<ul>\n<li>Farbe: wei\u00df<\/li>\n<li>100% Polyester<\/li>\n<li>Gr\u00f6\u00dfe: M &#8211; 50<\/li>\n<li>Marke: adidas<\/li>\n<li>Nationalmannschaften<\/li>\n<\/ul>\n<p><a class=\"amzBuyBtn\" href=\"https:\/\/www.amazon.de\/adidas-Herren-2016-K6-AI5014-Trikot-Khedira\/dp\/B01G9HH956?psc=1&amp;SubscriptionId=AKIAICKCSI4G3KIRU55A&amp;tag=ont05f-21&amp;linkCode=xm2&amp;camp=2025&amp;creative=165953&amp;creativeASIN=B01G9HH956\" rel=\"nofollow\" target=\"_blank\">Click Here For More Information<\/a><\/p>\n","protected":false},"excerpt":{"rendered":"<p>Nach dem gro\u00dfen Erfolg in Brasilien geht die DFB Auswahl im Sommer 2016 in Frankreich auf die Jagd nach dem n\u00e4chsten gro\u00dfen Pokal. Die neue Kollektion, mit dem viel umjubelten vierten Stern auf der Brust, wird die Elf um Schweinsteiger und Co. auf ihrer Reise begleiten und ist f\u00fcr jeden Fan der Nationalmannschaft ein absolutes [&hellip;]<\/p>\n","protected":false},"author":2,"featured_media":0,"comment_status":"open","ping_status":"open","sticky":false,"template":"","format":"standard","meta":[],"categories":[1],"tags":[],"_links":{"self":[{"href":"http:\/\/www.die-weltmeisterschaft.de\/index.php?rest_route=\/wp\/v2\/posts\/15391"}],"collection":[{"href":"http:\/\/www.die-weltmeisterschaft.de\/index.php?rest_route=\/wp\/v2\/posts"}],"about":[{"href":"http:\/\/www.die-weltmeisterschaft.de\/index.php?rest_route=\/wp\/v2\/types\/post"}],"author":[{"embeddable":true,"href":"http:\/\/www.die-weltmeisterschaft.de\/index.php?rest_route=\/wp\/v2\/users\/2"}],"replies":[{"embeddable":true,"href":"http:\/\/www.die-weltmeisterschaft.de\/index.php?rest_route=%2Fwp%2Fv2%2Fcomments&post=15391"}],"version-history":[{"count":0,"href":"http:\/\/www.die-weltmeisterschaft.de\/index.php?rest_route=\/wp\/v2\/posts\/15391\/revisions"}],"wp:attachment":[{"href":"http:\/\/www.die-weltmeisterschaft.de\/index.php?rest_route=%2Fwp%2Fv2%2Fmedia&parent=15391"}],"wp:term":[{"taxonomy":"category","embeddable":true,"href":"http:\/\/www.die-weltmeisterschaft.de\/index.php?rest_route=%2Fwp%2Fv2%2Fcategories&post=15391"},{"taxonomy":"post_tag","embeddable":true,"href":"http:\/\/www.die-weltmeisterschaft.de\/index.php?rest_route=%2Fwp%2Fv2%2Ftags&post=15391"}],"curies":[{"name":"wp","href":"https:\/\/api.w.org\/{rel}","templated":true}]}}