{"id":15399,"date":"2018-06-18T17:27:56","date_gmt":"2018-06-18T17:27:56","guid":{"rendered":"http:\/\/www.die-weltmeisterschaft.de\/?p=15399"},"modified":"2018-06-18T17:27:56","modified_gmt":"2018-06-18T17:27:56","slug":"48-x-fusballtroten-fusballtrote-3-fach-fanfare-deutschland-fanartikel-trote-wm-em","status":"publish","type":"post","link":"http:\/\/www.die-weltmeisterschaft.de\/?p=15399","title":{"rendered":"48 x Fu\u00dfballtr\u00f6ten Fu\u00dfballtr\u00f6te 3 fach Fanfare Deutschland Fanartikel Tr\u00f6te WM EM"},"content":{"rendered":"<p><a href=\"https:\/\/www.amazon.de\/Fu%C3%9Fballtr%C3%B6ten-Fu%C3%9Fballtr%C3%B6te-Fanfare-Deutschland-Fanartikel\/dp\/B01GHTVCMC?SubscriptionId=AKIAICKCSI4G3KIRU55A&amp;tag=ont05f-21&amp;linkCode=xm2&amp;camp=2025&amp;creative=165953&amp;creativeASIN=B01GHTVCMC\" rel=\"nofollow\" target=\"_blank\"><img decoding=\"async\" style=\"float:left;margin: 0 20px 10px 0\" src=\"https:\/\/images-eu.ssl-images-amazon.com\/images\/I\/311nZV-r52L.jpg\" \/><\/a><P>48 x Fu\u00dfballtr\u00f6te mit 3 Fanfaren \u2013 Deutschland<\/P> <P>Ma\u00dfe: ca. 12 cm x 3 cm<BR><\/P> <P>Einzeln in Cellophan verpackt. <\/P> <P>Ideal auch f\u00fcr Tombola\/Verlosung, Kindergeburtstag.<\/P><\/p>\n<h3>Product Features<\/h3>\n<ul>\n<li>Einzeln verpackt<\/li>\n<li>Ideal f\u00fcr Tombola, Verlosung oder Mitgebsel beim Kindergeburtstag<\/li>\n<\/ul>\n<p><a class=\"amzBuyBtn\" href=\"https:\/\/www.amazon.de\/Fu%C3%9Fballtr%C3%B6ten-Fu%C3%9Fballtr%C3%B6te-Fanfare-Deutschland-Fanartikel\/dp\/B01GHTVCMC?SubscriptionId=AKIAICKCSI4G3KIRU55A&amp;tag=ont05f-21&amp;linkCode=xm2&amp;camp=2025&amp;creative=165953&amp;creativeASIN=B01GHTVCMC\" rel=\"nofollow\" target=\"_blank\">Click Here For More Information<\/a><\/p>\n","protected":false},"excerpt":{"rendered":"<p>48 x Fu\u00dfballtr\u00f6te mit 3 Fanfaren \u2013 Deutschland Ma\u00dfe: ca. 12 cm x 3 cm Einzeln in Cellophan verpackt. Ideal auch f\u00fcr Tombola\/Verlosung, Kindergeburtstag. Product Features Einzeln verpackt Ideal f\u00fcr Tombola, Verlosung oder Mitgebsel beim Kindergeburtstag Click Here For More Information<\/p>\n","protected":false},"author":10,"featured_media":0,"comment_status":"open","ping_status":"open","sticky":false,"template":"","format":"standard","meta":[],"categories":[1],"tags":[],"_links":{"self":[{"href":"http:\/\/www.die-weltmeisterschaft.de\/index.php?rest_route=\/wp\/v2\/posts\/15399"}],"collection":[{"href":"http:\/\/www.die-weltmeisterschaft.de\/index.php?rest_route=\/wp\/v2\/posts"}],"about":[{"href":"http:\/\/www.die-weltmeisterschaft.de\/index.php?rest_route=\/wp\/v2\/types\/post"}],"author":[{"embeddable":true,"href":"http:\/\/www.die-weltmeisterschaft.de\/index.php?rest_route=\/wp\/v2\/users\/10"}],"replies":[{"embeddable":true,"href":"http:\/\/www.die-weltmeisterschaft.de\/index.php?rest_route=%2Fwp%2Fv2%2Fcomments&post=15399"}],"version-history":[{"count":0,"href":"http:\/\/www.die-weltmeisterschaft.de\/index.php?rest_route=\/wp\/v2\/posts\/15399\/revisions"}],"wp:attachment":[{"href":"http:\/\/www.die-weltmeisterschaft.de\/index.php?rest_route=%2Fwp%2Fv2%2Fmedia&parent=15399"}],"wp:term":[{"taxonomy":"category","embeddable":true,"href":"http:\/\/www.die-weltmeisterschaft.de\/index.php?rest_route=%2Fwp%2Fv2%2Fcategories&post=15399"},{"taxonomy":"post_tag","embeddable":true,"href":"http:\/\/www.die-weltmeisterschaft.de\/index.php?rest_route=%2Fwp%2Fv2%2Ftags&post=15399"}],"curies":[{"name":"wp","href":"https:\/\/api.w.org\/{rel}","templated":true}]}}