{"id":15438,"date":"2018-06-22T02:26:23","date_gmt":"2018-06-22T02:26:23","guid":{"rendered":"http:\/\/www.die-weltmeisterschaft.de\/?p=15438"},"modified":"2018-06-22T02:26:23","modified_gmt":"2018-06-22T02:26:23","slug":"1-x-autofahne-autoflagge-45-x-30-polen-auto-fahne-fahnen-flagge-flaggen-em-2016-mit-halterung","status":"publish","type":"post","link":"http:\/\/www.die-weltmeisterschaft.de\/?p=15438","title":{"rendered":"1 x Autofahne Autoflagge 45 x 30 Polen Auto Fahne Fahnen Flagge Flaggen EM 2016 mit Halterung"},"content":{"rendered":"<p><a href=\"https:\/\/www.amazon.de\/Autofahne-Autoflagge-Fahnen-Flaggen-Halterung\/dp\/B007VWQFE0?SubscriptionId=AKIAICKCSI4G3KIRU55A&amp;tag=ont05f-21&amp;linkCode=xm2&amp;camp=2025&amp;creative=165953&amp;creativeASIN=B007VWQFE0\" rel=\"nofollow\" target=\"_blank\"><img decoding=\"async\" style=\"float:left;margin: 0 20px 10px 0\" src=\"https:\/\/images-eu.ssl-images-amazon.com\/images\/I\/31NGZ5kegEL.jpg\" \/><\/a>1 x Autofahne Autoflagge 45 x 30 Polen Fahne Fahnen Flagge Flaggen EM 2016<br \/>\u00a0<br \/>Schm\u00fccken Sie wieder Ihr Auto uns feuern Sie somit Ihr Land an<br \/>\u00a0<br \/>Einfach an das Fenster machen und los gehts<br \/>\u00a0<br \/>Fahne aus Polyester<br \/>\u00a0<br \/>Stab aus Kunststoff mit 2 Widerharken<br \/>\u00a0<br \/>Stab 45 cm<br \/>\u00a0<br \/>Fahne ca 45 x 30 cm<br \/>\u00a0<br \/>Die Qualit\u00e4t ist nicht die beste:<br \/>-der Schnitt der Fahne kann schief sein<br \/>-es kann mehr rot als weiss oder umgekehrt vorhanden sein<br \/>-farbflecken rot auf weiss sind nicht ausgeschlossen<br \/>\u00a0<br \/>\u00a0<br \/>Im Sortiment haben wir noch alle anderen EM 2016 Teilnehmer ( solange der Vorrat reicht ).<br \/>\u00a0<br \/>\u00a0<br \/>Warnhinweis!!!<br \/>\u00a0<br \/>F\u00fcr das Anbringen von den Fahnen an Ihrem Fahrzeug, sind Sie selbst verantwortlich! F\u00fcr Sch\u00e4den die durch Unsachgem\u00e4\u00dfes Handeln entstehen, wird von uns keine Haftung \u00fcbernommen! Zu schnelles Fahren kann dazu f\u00fchren, das die Fahnen abbrechen oder wegfliegen, was zu schlimmer Gef\u00e4hrdung im Stra\u00dfenverkehr f\u00fchren kann! Wir empfehlen Ihnen dringend die Fahnen zus\u00e4tzlich am Gest\u00e4nge zu befestigen!<br \/>\u00a0<br \/>Desweiteren k\u00f6nnen die Fahnen einrei\u00dfen und zerfleddern.<\/p>\n<h3>Product Features<\/h3>\n<ul>\n<li>1 x Autofahne Autoflagge 45 x 30<\/li>\n<li>Fahne Fahnen Flagge Flaggen<\/li>\n<li>Polen Auto EM 2012 mit Halterung<\/li>\n<\/ul>\n<p><a class=\"amzBuyBtn\" href=\"https:\/\/www.amazon.de\/Autofahne-Autoflagge-Fahnen-Flaggen-Halterung\/dp\/B007VWQFE0?SubscriptionId=AKIAICKCSI4G3KIRU55A&amp;tag=ont05f-21&amp;linkCode=xm2&amp;camp=2025&amp;creative=165953&amp;creativeASIN=B007VWQFE0\" rel=\"nofollow\" target=\"_blank\">Click Here For More Information<\/a><\/p>\n","protected":false},"excerpt":{"rendered":"<p>1 x Autofahne Autoflagge 45 x 30 Polen Fahne Fahnen Flagge Flaggen EM 2016\u00a0Schm\u00fccken Sie wieder Ihr Auto uns feuern Sie somit Ihr Land an\u00a0Einfach an das Fenster machen und los gehts\u00a0Fahne aus Polyester\u00a0Stab aus Kunststoff mit 2 Widerharken\u00a0Stab 45 cm\u00a0Fahne ca 45 x 30 cm\u00a0Die Qualit\u00e4t ist nicht die beste:-der Schnitt der Fahne kann [&hellip;]<\/p>\n","protected":false},"author":1,"featured_media":0,"comment_status":"open","ping_status":"open","sticky":false,"template":"","format":"standard","meta":[],"categories":[1],"tags":[],"_links":{"self":[{"href":"http:\/\/www.die-weltmeisterschaft.de\/index.php?rest_route=\/wp\/v2\/posts\/15438"}],"collection":[{"href":"http:\/\/www.die-weltmeisterschaft.de\/index.php?rest_route=\/wp\/v2\/posts"}],"about":[{"href":"http:\/\/www.die-weltmeisterschaft.de\/index.php?rest_route=\/wp\/v2\/types\/post"}],"author":[{"embeddable":true,"href":"http:\/\/www.die-weltmeisterschaft.de\/index.php?rest_route=\/wp\/v2\/users\/1"}],"replies":[{"embeddable":true,"href":"http:\/\/www.die-weltmeisterschaft.de\/index.php?rest_route=%2Fwp%2Fv2%2Fcomments&post=15438"}],"version-history":[{"count":0,"href":"http:\/\/www.die-weltmeisterschaft.de\/index.php?rest_route=\/wp\/v2\/posts\/15438\/revisions"}],"wp:attachment":[{"href":"http:\/\/www.die-weltmeisterschaft.de\/index.php?rest_route=%2Fwp%2Fv2%2Fmedia&parent=15438"}],"wp:term":[{"taxonomy":"category","embeddable":true,"href":"http:\/\/www.die-weltmeisterschaft.de\/index.php?rest_route=%2Fwp%2Fv2%2Fcategories&post=15438"},{"taxonomy":"post_tag","embeddable":true,"href":"http:\/\/www.die-weltmeisterschaft.de\/index.php?rest_route=%2Fwp%2Fv2%2Ftags&post=15438"}],"curies":[{"name":"wp","href":"https:\/\/api.w.org\/{rel}","templated":true}]}}