{"id":15635,"date":"2018-07-12T09:23:54","date_gmt":"2018-07-12T09:23:54","guid":{"rendered":"http:\/\/www.die-weltmeisterschaft.de\/?p=15635"},"modified":"2018-07-12T09:23:54","modified_gmt":"2018-07-12T09:23:54","slug":"adidas-adizero-dfb-home-h-trikot-kurzarm-player-edition-weis-4-sterne-6m","status":"publish","type":"post","link":"http:\/\/www.die-weltmeisterschaft.de\/?p=15635","title":{"rendered":"adidas adizero DFB Home H Trikot kurzarm Player Edition wei\u00df 4 Sterne 6\/M"},"content":{"rendered":"<p><a href=\"https:\/\/www.amazon.de\/adidas-adizero-Trikot-kurzarm-Player\/dp\/B076J9DRZL?psc=1&amp;SubscriptionId=AKIAICKCSI4G3KIRU55A&amp;tag=ont05f-21&amp;linkCode=xm2&amp;camp=2025&amp;creative=165953&amp;creativeASIN=B076J9DRZL\" rel=\"nofollow\" target=\"_blank\"><img decoding=\"async\" style=\"float:left;margin: 0 20px 10px 0\" src=\"https:\/\/images-eu.ssl-images-amazon.com\/images\/I\/413Uu2eIBTL.jpg\" \/><\/a><\/p>\n<li>Slim Fit Schnittform (K\u00f6rperbetonter Schnitt) nur f\u00fcr schlanke Sportler geeignet!!! <\/li>\n<li>Adidas Logo auf der rechten Brust gedruckt <\/li>\n<li>DFB Deutscher Fussball-Bund-Logo + 4 Sterne auf der linken Brust gedruckt <\/li>\n<li>AdiZero-Schriftzug am Bund unten links aufgedruckt <\/li>\n<li>Die Nationalmannschaft im Nackenbereich aufgedruckt, sowie einem Farbband (schwarz \/ rot \/ gold) veredelt <\/li>\n<li>Stilgem\u00e4\u00dfe 3 Streifenoptik entlang der \u00c4rmel aufgen\u00e4ht <\/li>\n<li>das Trikot hat weder einen Mannschaftsnamen, Sponsoren-Aufdruck noch eine R\u00fcckennummer aufgeflockt!!! <\/li>\n<li>Extrem leichtes AdiZero ClimaCool-Material (Sorgt f\u00fcr W\u00e4rme- und Feuchtigkeitsmanagement durch Ventilationszonen) <\/li>\n<li>Offizielles Lizenzprodukt des Deutschen Fussball-Bunds, samt aller Labels und Etiketten <\/li>\n<li>Gerippter Rundhalsausschnitt <\/li>\n<li>Material: 100% Polyester <\/li>\n<h3>Product Features<\/h3>\n<ul>\n<li>Adidas DFB Deutschland AdiZero HOME Kurzarm Trikot Player Edition wei\u00df\/schwarz National-mannschaft EM 2016 Authentic match-worn<\/li>\n<\/ul>\n<p><a class=\"amzBuyBtn\" href=\"https:\/\/www.amazon.de\/adidas-adizero-Trikot-kurzarm-Player\/dp\/B076J9DRZL?psc=1&amp;SubscriptionId=AKIAICKCSI4G3KIRU55A&amp;tag=ont05f-21&amp;linkCode=xm2&amp;camp=2025&amp;creative=165953&amp;creativeASIN=B076J9DRZL\" rel=\"nofollow\" target=\"_blank\">Click Here For More Information<\/a><\/p>\n","protected":false},"excerpt":{"rendered":"<p>Slim Fit Schnittform (K\u00f6rperbetonter Schnitt) nur f\u00fcr schlanke Sportler geeignet!!! Adidas Logo auf der rechten Brust gedruckt DFB Deutscher Fussball-Bund-Logo + 4 Sterne auf der linken Brust gedruckt AdiZero-Schriftzug am Bund unten links aufgedruckt Die Nationalmannschaft im Nackenbereich aufgedruckt, sowie einem Farbband (schwarz \/ rot \/ gold) veredelt Stilgem\u00e4\u00dfe 3 Streifenoptik entlang der \u00c4rmel aufgen\u00e4ht [&hellip;]<\/p>\n","protected":false},"author":8,"featured_media":0,"comment_status":"open","ping_status":"open","sticky":false,"template":"","format":"standard","meta":[],"categories":[1],"tags":[],"_links":{"self":[{"href":"http:\/\/www.die-weltmeisterschaft.de\/index.php?rest_route=\/wp\/v2\/posts\/15635"}],"collection":[{"href":"http:\/\/www.die-weltmeisterschaft.de\/index.php?rest_route=\/wp\/v2\/posts"}],"about":[{"href":"http:\/\/www.die-weltmeisterschaft.de\/index.php?rest_route=\/wp\/v2\/types\/post"}],"author":[{"embeddable":true,"href":"http:\/\/www.die-weltmeisterschaft.de\/index.php?rest_route=\/wp\/v2\/users\/8"}],"replies":[{"embeddable":true,"href":"http:\/\/www.die-weltmeisterschaft.de\/index.php?rest_route=%2Fwp%2Fv2%2Fcomments&post=15635"}],"version-history":[{"count":0,"href":"http:\/\/www.die-weltmeisterschaft.de\/index.php?rest_route=\/wp\/v2\/posts\/15635\/revisions"}],"wp:attachment":[{"href":"http:\/\/www.die-weltmeisterschaft.de\/index.php?rest_route=%2Fwp%2Fv2%2Fmedia&parent=15635"}],"wp:term":[{"taxonomy":"category","embeddable":true,"href":"http:\/\/www.die-weltmeisterschaft.de\/index.php?rest_route=%2Fwp%2Fv2%2Fcategories&post=15635"},{"taxonomy":"post_tag","embeddable":true,"href":"http:\/\/www.die-weltmeisterschaft.de\/index.php?rest_route=%2Fwp%2Fv2%2Ftags&post=15635"}],"curies":[{"name":"wp","href":"https:\/\/api.w.org\/{rel}","templated":true}]}}