{"id":15668,"date":"2018-07-15T09:27:42","date_gmt":"2018-07-15T09:27:42","guid":{"rendered":"http:\/\/www.die-weltmeisterschaft.de\/?p=15668"},"modified":"2018-07-15T09:27:42","modified_gmt":"2018-07-15T09:27:42","slug":"shirtgeil-spanien-spanisches-fan-trikot-12-mann-fusball-wm-baby-langarm-body-6268-3-6m-rot","status":"publish","type":"post","link":"http:\/\/www.die-weltmeisterschaft.de\/?p=15668","title":{"rendered":"Shirtgeil Spanien Spanisches Fan-Trikot 12. Mann Fu\u00dfball WM Baby Langarm Body 62\/68 (3-6M) Rot"},"content":{"rendered":"<p><a href=\"https:\/\/www.amazon.de\/Shirtgeil-Spanien-Spanisches-Fan-Trikot-Fu%C3%9Fball\/dp\/B07CSFLSBX?psc=1&amp;SubscriptionId=AKIAICKCSI4G3KIRU55A&amp;tag=ont05f-21&amp;linkCode=xm2&amp;camp=2025&amp;creative=165953&amp;creativeASIN=B07CSFLSBX\" rel=\"nofollow\" target=\"_blank\"><img decoding=\"async\" style=\"float:left;margin: 0 20px 10px 0\" src=\"https:\/\/images-eu.ssl-images-amazon.com\/images\/I\/418CWNCbT2L.jpg\" \/><\/a>S\u00fc\u00dfer spanischer Fan Baby Body \/ Shirt zur WM und Euro. Ein Muss f\u00fcr jeden Spanien Fan! Camiseta de futbol. Vamos Espana.<\/p>\n<p><b>MATERIAL:<\/b><\/br>Unser komplettes Baby Produktsortiment, ist nach GOTS und \u00d6ko-Tex\u00ae Standard 100 zertifiziert. Unsere Produkte haben keinerlei allergieausl\u00f6sendes Nickel in Rei\u00dfverschl\u00fcssen und Druckkn\u00f6pfen. Dies dient f\u00fcr bessere Vertr\u00e4glichkeit bei empfindlicher Babyhaut.<\/br>Das Material besteht aus 100% Baumwolle.<\/br>Das Material und der Schnitt erlauben ein problemloses \u00fcberziehen bei empfindlichen Babyk\u00f6pfchen und die hochwertigen Druckkn\u00f6pfe zwischen den Beinen bieten perfekten Tragekomfort.<\/p>\n<p><b>ZERTIFIKAT \/ K\u00d6RPERVERTR\u00c4GLICHKEIT:<\/b><\/br>\u00d6ko-Tex Standard 100 &#8211; Steht f\u00fcr h\u00f6chste Vertr\u00e4glichkeit bei Babys durch verzicht auf allergieausl\u00f6senden Nickel in Rei\u00dfverschl\u00fcssen und Druckkn\u00f6pfen. Hinzu kommt die GOTS zertifizierung welche BIO-Qualit\u00e4t garantiert.<\/p>\n<p><b>DRUCK:<\/b><\/br>Hoher Qualit\u00e4tsstandard des Drucks durch branchenf\u00fchrendem W\u00e4rmebehandlungsverfahren.Farben verblassen oder l\u00f6sen sich nicht.<\/p>\n<p><b>GR\u00d6\u00dfEN:<\/b><\/br>Gr. 50\/56: 0-3 Monate<\/br>Gr. 62\/68: 3-6 Monate<\/br>Gr. 74\/80: 6-12 Monate<\/br>Gr. 81\/86: 12-18 Monate<\/br><\/p>\n<p><b>WASCHHINWEISE:<\/b><\/br>F\u00fcr lange haltbarkeit am Besten auf links waschen bei 30\u00b0C. Trocknergeeignet bei niedrigen Temperaturen.<\/p>\n<h3>Product Features<\/h3>\n<ul>\n<li>Hochwertiger Baby Langarm-Body mit Rundhals Kragen<\/li>\n<li>Lieb zum Baby: Schadstoffgepr\u00fcft nach Oeko-Tex-Standard\u00ae 100<\/li>\n<li>100% Gek\u00e4mmte, ringgesponnene Baumwolle<\/li>\n<li>Bequemes An- und Ausziehen durch praktischen Schlupfausschnitt und hochwertigen, nickelfreien Druckkn\u00f6pfen<\/li>\n<li>Made in Germany, Design und Druck. Superschnelle Lieferung garantiert.<\/li>\n<\/ul>\n<p><a class=\"amzBuyBtn\" href=\"https:\/\/www.amazon.de\/Shirtgeil-Spanien-Spanisches-Fan-Trikot-Fu%C3%9Fball\/dp\/B07CSFLSBX?psc=1&amp;SubscriptionId=AKIAICKCSI4G3KIRU55A&amp;tag=ont05f-21&amp;linkCode=xm2&amp;camp=2025&amp;creative=165953&amp;creativeASIN=B07CSFLSBX\" rel=\"nofollow\" target=\"_blank\">Click Here For More Information<\/a><\/p>\n","protected":false},"excerpt":{"rendered":"<p>S\u00fc\u00dfer spanischer Fan Baby Body \/ Shirt zur WM und Euro. Ein Muss f\u00fcr jeden Spanien Fan! Camiseta de futbol. Vamos Espana. MATERIAL:Unser komplettes Baby Produktsortiment, ist nach GOTS und \u00d6ko-Tex\u00ae Standard 100 zertifiziert. Unsere Produkte haben keinerlei allergieausl\u00f6sendes Nickel in Rei\u00dfverschl\u00fcssen und Druckkn\u00f6pfen. Dies dient f\u00fcr bessere Vertr\u00e4glichkeit bei empfindlicher Babyhaut.Das Material besteht aus [&hellip;]<\/p>\n","protected":false},"author":12,"featured_media":0,"comment_status":"open","ping_status":"open","sticky":false,"template":"","format":"standard","meta":[],"categories":[1],"tags":[],"_links":{"self":[{"href":"http:\/\/www.die-weltmeisterschaft.de\/index.php?rest_route=\/wp\/v2\/posts\/15668"}],"collection":[{"href":"http:\/\/www.die-weltmeisterschaft.de\/index.php?rest_route=\/wp\/v2\/posts"}],"about":[{"href":"http:\/\/www.die-weltmeisterschaft.de\/index.php?rest_route=\/wp\/v2\/types\/post"}],"author":[{"embeddable":true,"href":"http:\/\/www.die-weltmeisterschaft.de\/index.php?rest_route=\/wp\/v2\/users\/12"}],"replies":[{"embeddable":true,"href":"http:\/\/www.die-weltmeisterschaft.de\/index.php?rest_route=%2Fwp%2Fv2%2Fcomments&post=15668"}],"version-history":[{"count":0,"href":"http:\/\/www.die-weltmeisterschaft.de\/index.php?rest_route=\/wp\/v2\/posts\/15668\/revisions"}],"wp:attachment":[{"href":"http:\/\/www.die-weltmeisterschaft.de\/index.php?rest_route=%2Fwp%2Fv2%2Fmedia&parent=15668"}],"wp:term":[{"taxonomy":"category","embeddable":true,"href":"http:\/\/www.die-weltmeisterschaft.de\/index.php?rest_route=%2Fwp%2Fv2%2Fcategories&post=15668"},{"taxonomy":"post_tag","embeddable":true,"href":"http:\/\/www.die-weltmeisterschaft.de\/index.php?rest_route=%2Fwp%2Fv2%2Ftags&post=15668"}],"curies":[{"name":"wp","href":"https:\/\/api.w.org\/{rel}","templated":true}]}}