{"id":15681,"date":"2018-07-16T17:24:38","date_gmt":"2018-07-16T17:24:38","guid":{"rendered":"http:\/\/www.die-weltmeisterschaft.de\/?p=15681"},"modified":"2018-07-16T17:24:38","modified_gmt":"2018-07-16T17:24:38","slug":"mlt-belts-accessoires-unisex-fan-schal-france-gestreift-gr-one-size-herstellergrose-17x150cm-mehrfarbig-blau-1410","status":"publish","type":"post","link":"http:\/\/www.die-weltmeisterschaft.de\/?p=15681","title":{"rendered":"MLT Belts &amp; Accessoires Unisex Fan-Schal France, Gestreift, Gr. One size (Herstellergr\u00f6\u00dfe: 17x150cm), Mehrfarbig (Blau 1410)"},"content":{"rendered":"<p><a href=\"https:\/\/www.amazon.de\/MLT-Belts-Accessoires-Fan-Schal-Herstellergr%C3%B6%C3%9Fe\/dp\/B01DD99UPU?psc=1&amp;SubscriptionId=AKIAICKCSI4G3KIRU55A&amp;tag=ont05f-21&amp;linkCode=xm2&amp;camp=2025&amp;creative=165953&amp;creativeASIN=B01DD99UPU\" rel=\"nofollow\" target=\"_blank\"><img decoding=\"async\" style=\"float:left;margin: 0 20px 10px 0\" src=\"https:\/\/images-eu.ssl-images-amazon.com\/images\/I\/51TBGcGq2EL.jpg\" \/><\/a><\/p>\n<h3>Product Features<\/h3>\n<ul>\n<li>Sch\u00f6ner Fan-Schal, perfekt f\u00fcr Public Viewing oder vor Ort im Stadion<\/li>\n<li>Sei bereit f\u00fcr das n\u00e4chste gro\u00dfe Sport-Event und unterst\u00fctze Dein Team<\/li>\n<\/ul>\n<p><a class=\"amzBuyBtn\" href=\"https:\/\/www.amazon.de\/MLT-Belts-Accessoires-Fan-Schal-Herstellergr%C3%B6%C3%9Fe\/dp\/B01DD99UPU?psc=1&amp;SubscriptionId=AKIAICKCSI4G3KIRU55A&amp;tag=ont05f-21&amp;linkCode=xm2&amp;camp=2025&amp;creative=165953&amp;creativeASIN=B01DD99UPU\" rel=\"nofollow\" target=\"_blank\">Click Here For More Information<\/a><\/p>\n","protected":false},"excerpt":{"rendered":"<p>Product Features Sch\u00f6ner Fan-Schal, perfekt f\u00fcr Public Viewing oder vor Ort im Stadion Sei bereit f\u00fcr das n\u00e4chste gro\u00dfe Sport-Event und unterst\u00fctze Dein Team Click Here For More Information<\/p>\n","protected":false},"author":5,"featured_media":0,"comment_status":"open","ping_status":"open","sticky":false,"template":"","format":"standard","meta":[],"categories":[1],"tags":[],"_links":{"self":[{"href":"http:\/\/www.die-weltmeisterschaft.de\/index.php?rest_route=\/wp\/v2\/posts\/15681"}],"collection":[{"href":"http:\/\/www.die-weltmeisterschaft.de\/index.php?rest_route=\/wp\/v2\/posts"}],"about":[{"href":"http:\/\/www.die-weltmeisterschaft.de\/index.php?rest_route=\/wp\/v2\/types\/post"}],"author":[{"embeddable":true,"href":"http:\/\/www.die-weltmeisterschaft.de\/index.php?rest_route=\/wp\/v2\/users\/5"}],"replies":[{"embeddable":true,"href":"http:\/\/www.die-weltmeisterschaft.de\/index.php?rest_route=%2Fwp%2Fv2%2Fcomments&post=15681"}],"version-history":[{"count":0,"href":"http:\/\/www.die-weltmeisterschaft.de\/index.php?rest_route=\/wp\/v2\/posts\/15681\/revisions"}],"wp:attachment":[{"href":"http:\/\/www.die-weltmeisterschaft.de\/index.php?rest_route=%2Fwp%2Fv2%2Fmedia&parent=15681"}],"wp:term":[{"taxonomy":"category","embeddable":true,"href":"http:\/\/www.die-weltmeisterschaft.de\/index.php?rest_route=%2Fwp%2Fv2%2Fcategories&post=15681"},{"taxonomy":"post_tag","embeddable":true,"href":"http:\/\/www.die-weltmeisterschaft.de\/index.php?rest_route=%2Fwp%2Fv2%2Ftags&post=15681"}],"curies":[{"name":"wp","href":"https:\/\/api.w.org\/{rel}","templated":true}]}}