{"id":15746,"date":"2018-07-24T12:24:08","date_gmt":"2018-07-24T12:24:08","guid":{"rendered":"http:\/\/www.die-weltmeisterschaft.de\/?p=15746"},"modified":"2018-07-24T12:24:08","modified_gmt":"2018-07-24T12:24:08","slug":"deutschland-perucke-feder-schmuck-wm-2018-russland-em-fusball-fan-artikel","status":"publish","type":"post","link":"http:\/\/www.die-weltmeisterschaft.de\/?p=15746","title":{"rendered":"Deutschland-Per\u00fccke Feder-Schmuck WM 2018 Russland EM Fu\u00dfball Fan-Artikel"},"content":{"rendered":"<p><a href=\"https:\/\/www.amazon.de\/Deutschland-Per%C3%BCcke-Feder-Schmuck-Russland-Fu%C3%9Fball-Fan-Artikel\/dp\/B003UMBF9A?SubscriptionId=AKIAICKCSI4G3KIRU55A&amp;tag=ont05f-21&amp;linkCode=xm2&amp;camp=2025&amp;creative=165953&amp;creativeASIN=B003UMBF9A\" rel=\"nofollow\" target=\"_blank\"><img decoding=\"async\" style=\"float:left;margin: 0 20px 10px 0\" src=\"https:\/\/images-eu.ssl-images-amazon.com\/images\/I\/51Aa6Esis1L.jpg\" \/><\/a>In der Fu\u00dfball-Zeit Flagge zeigen. Beim Public Viewing auffallen. Freunde, Kollegen oder die Nachbarn begeistern bei der n\u00e4chsten Fu\u00dfball-Party. Unser wundersch\u00f6ner Feder-Schmuck in Deutschland-Farben eignet sich f\u00fcr jedes Spiel unserer Mannschaft bestens. Ob EM oder WM. Begleiten Sie unsere Jungs mit einem extravaganen Fan-Accessoire zum Sieg. Der Kopfschmuck hat eine H\u00f6he von ca. 45 cm und ist zur Zierde mit goldenen Kn\u00f6pfen, einer Gold\/Roten Brosche und schwarzen Pailletten verziert. Au\u00dferdem hat er 3 gro\u00dfe Federn, die nat\u00fcrlich in den Deutschland-Farben Schwarz, Rot und Gold f\u00fcr einen absoluten Hingucker sorgen. Befestigt wird der au\u00dfergew\u00f6hnliche Fan-Hut mit einem Klettverschluss am Hinterkopf. Ein Muss f\u00fcr jeden Fan und ein Must Have f\u00fcr die Fu\u00dfball-Meile oder sogar den Fan-Block vor Ort.<\/p>\n<h3>Product Features<\/h3>\n<ul>\n<li>Stylischer Feder-Kopf-Schmuck &#8220;Deutschland&#8221; f\u00fcr Ihr n\u00e4chstes Public Viewing<\/li>\n<li>Fan-Artikel mit robustem Gummi-Band und Klett-Verschluss zum einfachen Befestigen<\/li>\n<li>Farben: Schwarz, Rot, Gold<\/li>\n<li>H\u00f6he ca. 45 cm<\/li>\n<li>F\u00fcr jeden Fan bei allen Deutschland-Spielen ein Hingucker<\/li>\n<\/ul>\n<p><a class=\"amzBuyBtn\" href=\"https:\/\/www.amazon.de\/Deutschland-Per%C3%BCcke-Feder-Schmuck-Russland-Fu%C3%9Fball-Fan-Artikel\/dp\/B003UMBF9A?SubscriptionId=AKIAICKCSI4G3KIRU55A&amp;tag=ont05f-21&amp;linkCode=xm2&amp;camp=2025&amp;creative=165953&amp;creativeASIN=B003UMBF9A\" rel=\"nofollow\" target=\"_blank\">Click Here For More Information<\/a><\/p>\n","protected":false},"excerpt":{"rendered":"<p>In der Fu\u00dfball-Zeit Flagge zeigen. Beim Public Viewing auffallen. Freunde, Kollegen oder die Nachbarn begeistern bei der n\u00e4chsten Fu\u00dfball-Party. Unser wundersch\u00f6ner Feder-Schmuck in Deutschland-Farben eignet sich f\u00fcr jedes Spiel unserer Mannschaft bestens. Ob EM oder WM. Begleiten Sie unsere Jungs mit einem extravaganen Fan-Accessoire zum Sieg. Der Kopfschmuck hat eine H\u00f6he von ca. 45 cm [&hellip;]<\/p>\n","protected":false},"author":2,"featured_media":0,"comment_status":"open","ping_status":"open","sticky":false,"template":"","format":"standard","meta":[],"categories":[1],"tags":[],"_links":{"self":[{"href":"http:\/\/www.die-weltmeisterschaft.de\/index.php?rest_route=\/wp\/v2\/posts\/15746"}],"collection":[{"href":"http:\/\/www.die-weltmeisterschaft.de\/index.php?rest_route=\/wp\/v2\/posts"}],"about":[{"href":"http:\/\/www.die-weltmeisterschaft.de\/index.php?rest_route=\/wp\/v2\/types\/post"}],"author":[{"embeddable":true,"href":"http:\/\/www.die-weltmeisterschaft.de\/index.php?rest_route=\/wp\/v2\/users\/2"}],"replies":[{"embeddable":true,"href":"http:\/\/www.die-weltmeisterschaft.de\/index.php?rest_route=%2Fwp%2Fv2%2Fcomments&post=15746"}],"version-history":[{"count":0,"href":"http:\/\/www.die-weltmeisterschaft.de\/index.php?rest_route=\/wp\/v2\/posts\/15746\/revisions"}],"wp:attachment":[{"href":"http:\/\/www.die-weltmeisterschaft.de\/index.php?rest_route=%2Fwp%2Fv2%2Fmedia&parent=15746"}],"wp:term":[{"taxonomy":"category","embeddable":true,"href":"http:\/\/www.die-weltmeisterschaft.de\/index.php?rest_route=%2Fwp%2Fv2%2Fcategories&post=15746"},{"taxonomy":"post_tag","embeddable":true,"href":"http:\/\/www.die-weltmeisterschaft.de\/index.php?rest_route=%2Fwp%2Fv2%2Ftags&post=15746"}],"curies":[{"name":"wp","href":"https:\/\/api.w.org\/{rel}","templated":true}]}}