{"id":15815,"date":"2018-08-01T11:25:38","date_gmt":"2018-08-01T11:25:38","guid":{"rendered":"http:\/\/www.die-weltmeisterschaft.de\/?p=15815"},"modified":"2018-08-01T11:25:38","modified_gmt":"2018-08-01T11:25:38","slug":"deutschlandhut-em-2016-weiser-trilby-hut-deutschland-fanartikel-europameisterschaft-fan-hut-em-2016","status":"publish","type":"post","link":"http:\/\/www.die-weltmeisterschaft.de\/?p=15815","title":{"rendered":"Deutschlandhut EM 2016 Wei\u00dfer Trilby-Hut Deutschland Fanartikel Europameisterschaft Fan-Hut EM 2016"},"content":{"rendered":"<p><a href=\"https:\/\/www.amazon.de\/Deutschlandhut-Trilby-Hut-Deutschland-Fanartikel-Europameisterschaft\/dp\/B01GQGW8X8?SubscriptionId=AKIAICKCSI4G3KIRU55A&amp;tag=ont05f-21&amp;linkCode=xm2&amp;camp=2025&amp;creative=165953&amp;creativeASIN=B01GQGW8X8\" rel=\"nofollow\" target=\"_blank\"><img decoding=\"async\" style=\"float:left;margin: 0 20px 10px 0\" src=\"https:\/\/images-eu.ssl-images-amazon.com\/images\/I\/11zTqAVSyDL.jpg\" \/><\/a><\/p>\n<h3>Product Features<\/h3>\n<ul>\n<li>Fan-Hut Deutschland \/ Wei\u00dfer Trilby-Hut Deutschland<\/li>\n<li>Material: 100% Polyester<\/li>\n<li>Einheitsgr\u00f6\u00dfe f\u00fcr Erwachsene<\/li>\n<\/ul>\n<p><a class=\"amzBuyBtn\" href=\"https:\/\/www.amazon.de\/Deutschlandhut-Trilby-Hut-Deutschland-Fanartikel-Europameisterschaft\/dp\/B01GQGW8X8?SubscriptionId=AKIAICKCSI4G3KIRU55A&amp;tag=ont05f-21&amp;linkCode=xm2&amp;camp=2025&amp;creative=165953&amp;creativeASIN=B01GQGW8X8\" rel=\"nofollow\" target=\"_blank\">Click Here For More Information<\/a><\/p>\n","protected":false},"excerpt":{"rendered":"<p>Product Features Fan-Hut Deutschland \/ Wei\u00dfer Trilby-Hut Deutschland Material: 100% Polyester Einheitsgr\u00f6\u00dfe f\u00fcr Erwachsene Click Here For More Information<\/p>\n","protected":false},"author":11,"featured_media":0,"comment_status":"open","ping_status":"open","sticky":false,"template":"","format":"standard","meta":[],"categories":[1],"tags":[],"_links":{"self":[{"href":"http:\/\/www.die-weltmeisterschaft.de\/index.php?rest_route=\/wp\/v2\/posts\/15815"}],"collection":[{"href":"http:\/\/www.die-weltmeisterschaft.de\/index.php?rest_route=\/wp\/v2\/posts"}],"about":[{"href":"http:\/\/www.die-weltmeisterschaft.de\/index.php?rest_route=\/wp\/v2\/types\/post"}],"author":[{"embeddable":true,"href":"http:\/\/www.die-weltmeisterschaft.de\/index.php?rest_route=\/wp\/v2\/users\/11"}],"replies":[{"embeddable":true,"href":"http:\/\/www.die-weltmeisterschaft.de\/index.php?rest_route=%2Fwp%2Fv2%2Fcomments&post=15815"}],"version-history":[{"count":0,"href":"http:\/\/www.die-weltmeisterschaft.de\/index.php?rest_route=\/wp\/v2\/posts\/15815\/revisions"}],"wp:attachment":[{"href":"http:\/\/www.die-weltmeisterschaft.de\/index.php?rest_route=%2Fwp%2Fv2%2Fmedia&parent=15815"}],"wp:term":[{"taxonomy":"category","embeddable":true,"href":"http:\/\/www.die-weltmeisterschaft.de\/index.php?rest_route=%2Fwp%2Fv2%2Fcategories&post=15815"},{"taxonomy":"post_tag","embeddable":true,"href":"http:\/\/www.die-weltmeisterschaft.de\/index.php?rest_route=%2Fwp%2Fv2%2Ftags&post=15815"}],"curies":[{"name":"wp","href":"https:\/\/api.w.org\/{rel}","templated":true}]}}