{"id":15832,"date":"2018-08-04T03:23:07","date_gmt":"2018-08-04T03:23:07","guid":{"rendered":"http:\/\/www.die-weltmeisterschaft.de\/?p=15832"},"modified":"2018-08-04T03:23:07","modified_gmt":"2018-08-04T03:23:07","slug":"adidas-dfb-trikot-home-em-2016-mit-spielername-und-nummer-bastian-schweinsteiger-m-50","status":"publish","type":"post","link":"http:\/\/www.die-weltmeisterschaft.de\/?p=15832","title":{"rendered":"adidas DFB Trikot Home EM 2016 mit Spielername und Nummer Bastian Schweinsteiger, M &#8211; 50"},"content":{"rendered":"<p><a href=\"https:\/\/www.amazon.de\/adidas-Trikot-Spielername-Bastian-Schweinsteiger\/dp\/B01GF5S9CE?psc=1&amp;SubscriptionId=AKIAICKCSI4G3KIRU55A&amp;tag=ont05f-21&amp;linkCode=xm2&amp;camp=2025&amp;creative=165953&amp;creativeASIN=B01GF5S9CE\" rel=\"nofollow\" target=\"_blank\"><img decoding=\"async\" style=\"float:left;margin: 0 20px 10px 0\" src=\"https:\/\/images-eu.ssl-images-amazon.com\/images\/I\/41i5iVIim7L.jpg\" \/><\/a>Nach dem gro\u00dfen Erfolg in Brasilien geht die DFB Auswahl im Sommer 2016 in Frankreich auf die Jagd nach dem n\u00e4chsten gro\u00dfen Pokal. Die neue Kollektion, mit dem viel umjubelten vierten Stern auf der Brust, wird die Elf um Schweinsteiger und Co. auf ihrer Reise begleiten und ist f\u00fcr jeden Fan der Nationalmannschaft ein absolutes Muss. W\u00e4hle deinen pers\u00f6nlichen Leistungstr\u00e4ger und veredele dein DFB Heimtrikot mit Spielername und Nummer von Reus, G\u00f6tze oder M\u00fcller und vielen Weiteren&#8230;<\/p>\n<p> Das neue Heimtrikot der Nationalmannschaft \u00fcberzeugt, wie auch sein Vorg\u00e4nger, in traditionellem wei\u00df sowie mit bestem Tragekomfort f\u00fcr Stadion, Fanmeile oder Sportplatz. Klassische Features wie das hochwertige DFB-Logo auf der Brust und die dazugeh\u00f6rigen vier Sterne bezeugen deine Leidenschaft f\u00fcr das deutsche Team, welches im Juni 2016 um die Krone Europas k\u00e4mpfen wird.<\/p>\n<h3>Product Features<\/h3>\n<ul>\n<li>Offizielles Heimtrikot der Nationalmannschaft<\/li>\n<li>Hochwertiges DFB-Logo auf der Brust<\/li>\n<li>Vier Sterne als Zeichen vergangener Triumphe<\/li>\n<li>Beste Verarbeitung f\u00fcr h\u00f6chsten Tragekomfort<\/li>\n<li>Veredelt mit Name und Nummer deiner Stars<\/li>\n<\/ul>\n<p><a class=\"amzBuyBtn\" href=\"https:\/\/www.amazon.de\/adidas-Trikot-Spielername-Bastian-Schweinsteiger\/dp\/B01GF5S9CE?psc=1&amp;SubscriptionId=AKIAICKCSI4G3KIRU55A&amp;tag=ont05f-21&amp;linkCode=xm2&amp;camp=2025&amp;creative=165953&amp;creativeASIN=B01GF5S9CE\" rel=\"nofollow\" target=\"_blank\">Click Here For More Information<\/a><\/p>\n","protected":false},"excerpt":{"rendered":"<p>Nach dem gro\u00dfen Erfolg in Brasilien geht die DFB Auswahl im Sommer 2016 in Frankreich auf die Jagd nach dem n\u00e4chsten gro\u00dfen Pokal. Die neue Kollektion, mit dem viel umjubelten vierten Stern auf der Brust, wird die Elf um Schweinsteiger und Co. auf ihrer Reise begleiten und ist f\u00fcr jeden Fan der Nationalmannschaft ein absolutes [&hellip;]<\/p>\n","protected":false},"author":10,"featured_media":0,"comment_status":"open","ping_status":"open","sticky":false,"template":"","format":"standard","meta":[],"categories":[1],"tags":[],"_links":{"self":[{"href":"http:\/\/www.die-weltmeisterschaft.de\/index.php?rest_route=\/wp\/v2\/posts\/15832"}],"collection":[{"href":"http:\/\/www.die-weltmeisterschaft.de\/index.php?rest_route=\/wp\/v2\/posts"}],"about":[{"href":"http:\/\/www.die-weltmeisterschaft.de\/index.php?rest_route=\/wp\/v2\/types\/post"}],"author":[{"embeddable":true,"href":"http:\/\/www.die-weltmeisterschaft.de\/index.php?rest_route=\/wp\/v2\/users\/10"}],"replies":[{"embeddable":true,"href":"http:\/\/www.die-weltmeisterschaft.de\/index.php?rest_route=%2Fwp%2Fv2%2Fcomments&post=15832"}],"version-history":[{"count":0,"href":"http:\/\/www.die-weltmeisterschaft.de\/index.php?rest_route=\/wp\/v2\/posts\/15832\/revisions"}],"wp:attachment":[{"href":"http:\/\/www.die-weltmeisterschaft.de\/index.php?rest_route=%2Fwp%2Fv2%2Fmedia&parent=15832"}],"wp:term":[{"taxonomy":"category","embeddable":true,"href":"http:\/\/www.die-weltmeisterschaft.de\/index.php?rest_route=%2Fwp%2Fv2%2Fcategories&post=15832"},{"taxonomy":"post_tag","embeddable":true,"href":"http:\/\/www.die-weltmeisterschaft.de\/index.php?rest_route=%2Fwp%2Fv2%2Ftags&post=15832"}],"curies":[{"name":"wp","href":"https:\/\/api.w.org\/{rel}","templated":true}]}}