{"id":15833,"date":"2018-08-04T12:31:32","date_gmt":"2018-08-04T12:31:32","guid":{"rendered":"http:\/\/www.die-weltmeisterschaft.de\/?p=15833"},"modified":"2018-08-04T12:31:32","modified_gmt":"2018-08-04T12:31:32","slug":"spanien-spanisches-fan-trikot-12-mann-fusball-wm-unisex-baby-t-shirt-gr-66-93-12-18-monate86-rot","status":"publish","type":"post","link":"http:\/\/www.die-weltmeisterschaft.de\/?p=15833","title":{"rendered":"Spanien Spanisches Fan-Trikot 12. Mann Fu\u00dfball WM Unisex Baby T-Shirt Gr. 66-93 12-18 Monate\/86 Rot"},"content":{"rendered":"<p><a href=\"https:\/\/www.amazon.de\/Spanien-Spanisches-Fan-Trikot-Fu%C3%9Fball-T-Shirt\/dp\/B07CSJ5F5Z?psc=1&amp;SubscriptionId=AKIAICKCSI4G3KIRU55A&amp;tag=ont05f-21&amp;linkCode=xm2&amp;camp=2025&amp;creative=165953&amp;creativeASIN=B07CSJ5F5Z\" rel=\"nofollow\" target=\"_blank\"><img decoding=\"async\" style=\"float:left;margin: 0 20px 10px 0\" src=\"https:\/\/images-eu.ssl-images-amazon.com\/images\/I\/411alQoqclL.jpg\" \/><\/a>S\u00fc\u00dfer spanischer Fan Baby Body \/ Shirt zur WM und Euro. Ein Muss f\u00fcr jeden Spanien Fan! Camiseta de futbol. Vamos Espana.<\/p>\n<p><b>BABY T-SHIRT<\/b><br \/>Unser Baby Sortiment ist bekannt f\u00fcr ihre hohe Qualit\u00e4t und Babyhaut vertr\u00e4glichkeit. Wir benutzen ausschliesslich top Qualit\u00e4ts Material welches zertifiziert wurde mit dem \u00d6ko-Tex Standard 100 sowie dem SA8000 Standard. Die hohe Grammatur der Textilien gew\u00e4hrleistet eine lange Haltbarkeit unserer Produkte und erm\u00f6glicht es auch die Bodys und Shirts bei etwas k\u00e4lterer Temperatur zu benutzen. Unser Baby Sortiment ist Unisex und somit f\u00fcr Jungs wie auch f\u00fcr M\u00e4dchen bestens geeignet.<\/p>\n<p><b>ZERTIFIKAT \/ K\u00d6RPERVERTR\u00c4GLICHKEIT<\/b><br \/>\u00d6ko-Tex Standard 100 &#8211; Steht unter anderem f\u00fcr h\u00f6chste Vertr\u00e4glichkeit bei Babys durch verzicht auf allergieausl\u00f6senden Nickel in Rei\u00dfverschl\u00fcssen und Druckkn\u00f6pfen.<\/p>\n<p><b>GR\u00d6\u00dfEN<\/b><br \/>Gr. 66: 3-6 Monate<br \/>Gr. 76: 6-12 Monate<br \/>Gr. 86: 12-18 Monate<br \/>Gr. 93: 18-24 Monate<\/p>\n<p><b>WASCHHINWEISE<\/b><br \/>F\u00fcr lange haltbarkeit am Besten auf links waschen bis 30\u00b0C. Trocknergeeignet bei niedrigen Temperaturen<\/p>\n<p><b>SPA\u00df<\/b><br \/>Unsere ausgefallenen Designs eignen sich super als Geschenk, zum Beispiel f\u00fcr frische Eltern als Geburtstagsgeschenk, Babyparties (Baby-Shower), Weihnachtsgeschenk oder sonstige Anl\u00e4sse. Wir w\u00fcnschen schon mal viel Spa\u00df!<\/p>\n<h3>Product Features<\/h3>\n<ul>\n<li>Premium Qualit\u00e4t Baby T-Shirt, Rundhals, Unisex f\u00fcr Jungs und M\u00e4dchen<\/li>\n<li>Lieb zum Baby: Textilien sind schadstoffgepr\u00fcft nach Oeko-Tex-Standard 100<\/li>\n<li>Zwei Nickelfreie Druckkn\u00f6pfe am Kragen f\u00fcr einfaches an-und ausziehen<\/li>\n<li>Material: 100% Baumwolle (bei der Farbe Grau 95% Baumwolle und 5% Polyester), Grammatur: 200g\/qm<\/li>\n<li>Design und Druck &#8211; Made in Deutschland<\/li>\n<\/ul>\n<p><a class=\"amzBuyBtn\" href=\"https:\/\/www.amazon.de\/Spanien-Spanisches-Fan-Trikot-Fu%C3%9Fball-T-Shirt\/dp\/B07CSJ5F5Z?psc=1&amp;SubscriptionId=AKIAICKCSI4G3KIRU55A&amp;tag=ont05f-21&amp;linkCode=xm2&amp;camp=2025&amp;creative=165953&amp;creativeASIN=B07CSJ5F5Z\" rel=\"nofollow\" target=\"_blank\">Click Here For More Information<\/a><\/p>\n","protected":false},"excerpt":{"rendered":"<p>S\u00fc\u00dfer spanischer Fan Baby Body \/ Shirt zur WM und Euro. Ein Muss f\u00fcr jeden Spanien Fan! Camiseta de futbol. Vamos Espana. BABY T-SHIRTUnser Baby Sortiment ist bekannt f\u00fcr ihre hohe Qualit\u00e4t und Babyhaut vertr\u00e4glichkeit. Wir benutzen ausschliesslich top Qualit\u00e4ts Material welches zertifiziert wurde mit dem \u00d6ko-Tex Standard 100 sowie dem SA8000 Standard. Die hohe [&hellip;]<\/p>\n","protected":false},"author":13,"featured_media":0,"comment_status":"open","ping_status":"open","sticky":false,"template":"","format":"standard","meta":[],"categories":[1],"tags":[],"_links":{"self":[{"href":"http:\/\/www.die-weltmeisterschaft.de\/index.php?rest_route=\/wp\/v2\/posts\/15833"}],"collection":[{"href":"http:\/\/www.die-weltmeisterschaft.de\/index.php?rest_route=\/wp\/v2\/posts"}],"about":[{"href":"http:\/\/www.die-weltmeisterschaft.de\/index.php?rest_route=\/wp\/v2\/types\/post"}],"author":[{"embeddable":true,"href":"http:\/\/www.die-weltmeisterschaft.de\/index.php?rest_route=\/wp\/v2\/users\/13"}],"replies":[{"embeddable":true,"href":"http:\/\/www.die-weltmeisterschaft.de\/index.php?rest_route=%2Fwp%2Fv2%2Fcomments&post=15833"}],"version-history":[{"count":0,"href":"http:\/\/www.die-weltmeisterschaft.de\/index.php?rest_route=\/wp\/v2\/posts\/15833\/revisions"}],"wp:attachment":[{"href":"http:\/\/www.die-weltmeisterschaft.de\/index.php?rest_route=%2Fwp%2Fv2%2Fmedia&parent=15833"}],"wp:term":[{"taxonomy":"category","embeddable":true,"href":"http:\/\/www.die-weltmeisterschaft.de\/index.php?rest_route=%2Fwp%2Fv2%2Fcategories&post=15833"},{"taxonomy":"post_tag","embeddable":true,"href":"http:\/\/www.die-weltmeisterschaft.de\/index.php?rest_route=%2Fwp%2Fv2%2Ftags&post=15833"}],"curies":[{"name":"wp","href":"https:\/\/api.w.org\/{rel}","templated":true}]}}