{"id":15854,"date":"2018-08-07T05:22:30","date_gmt":"2018-08-07T05:22:30","guid":{"rendered":"http:\/\/www.die-weltmeisterschaft.de\/?p=15854"},"modified":"2018-08-07T05:22:30","modified_gmt":"2018-08-07T05:22:30","slug":"belgien-wm-20182-t-shirt-damen-de-rode-duivels-fusball-belgique-trikot-100-baumwolle-kurzarm-farberot-red-l191grosem","status":"publish","type":"post","link":"http:\/\/www.die-weltmeisterschaft.de\/?p=15854","title":{"rendered":"Belgien WM 2018#2 T-Shirt | Damen | De Rode Duivels | Fu\u00dfball | Belgique | Trikot | 100% Baumwolle | Kurzarm, Farbe:Rot (Red L191);Gr\u00f6\u00dfe:M"},"content":{"rendered":"<p><a href=\"https:\/\/www.amazon.de\/Belgien-T-Shirt-Duivels-Belgique-Baumwolle\/dp\/B01G6DZN24?psc=1&amp;SubscriptionId=AKIAICKCSI4G3KIRU55A&amp;tag=ont05f-21&amp;linkCode=xm2&amp;camp=2025&amp;creative=165953&amp;creativeASIN=B01G6DZN24\" rel=\"nofollow\" target=\"_blank\"><img decoding=\"async\" style=\"float:left;margin: 0 20px 10px 0\" src=\"https:\/\/images-eu.ssl-images-amazon.com\/images\/I\/51kTNy4qKKL.jpg\" \/><\/a><\/p>\n<p>Die Nationalmannschaften aus Belgien, Irland, Italien und Schweden &#8211; diese Teams werden sich die Stirn in Gruppe E bieten m\u00fcssen.<\/p>\n<p>Nachdem du dir eines unserer vielen Motive ausgesucht hast, wird dein T-Shirt gedruckt &#8211; extra f\u00fcr dich! Dank unseres modernen Druckverfahrens ,,verschmilzt&#8217; der Druck quasi mit dem Stoff und sorgt f\u00fcr ein hochwertiges, farbechtes Ergebnis.<\/p>\n<h3>Product Features<\/h3>\n<ul>\n<li>Hochwertiger, langlebiger Digitaldirektdruck<\/li>\n<li>WICHTIG: Achten Sie beim Kauf des Artikels darauf, dass sie als Verk\u00e4ufer &#8211; Shirt Happenz &#8211; ausw\u00e4hlen. Infos dazu finden Sie in der Produktbeschreibung.<\/li>\n<li>Keine Kompromisse! Wir achten bereits bei der Auswahl unserer Textilien auf hohe Qualitaet, Komfort und Langlebigkeit.<\/li>\n<li>Beim Druck nutzen wir das Digitaldirektdruckverfahren. Diese moderne Methode verspricht ein hochwertiges, langlebiges Ergebnis.<\/li>\n<li>Versand: Schnell bei Ihnen! In der Regel versenden wir werktags\u00a0innerhalb von 24h und so erreicht Sie der bestellte Artikel schon 2-3 Tage\u00a0nach Bestelleingang.<\/li>\n<\/ul>\n<p><a class=\"amzBuyBtn\" href=\"https:\/\/www.amazon.de\/Belgien-T-Shirt-Duivels-Belgique-Baumwolle\/dp\/B01G6DZN24?psc=1&amp;SubscriptionId=AKIAICKCSI4G3KIRU55A&amp;tag=ont05f-21&amp;linkCode=xm2&amp;camp=2025&amp;creative=165953&amp;creativeASIN=B01G6DZN24\" rel=\"nofollow\" target=\"_blank\">Click Here For More Information<\/a><\/p>\n","protected":false},"excerpt":{"rendered":"<p>Die Nationalmannschaften aus Belgien, Irland, Italien und Schweden &#8211; diese Teams werden sich die Stirn in Gruppe E bieten m\u00fcssen. Nachdem du dir eines unserer vielen Motive ausgesucht hast, wird dein T-Shirt gedruckt &#8211; extra f\u00fcr dich! Dank unseres modernen Druckverfahrens ,,verschmilzt&#8217; der Druck quasi mit dem Stoff und sorgt f\u00fcr ein hochwertiges, farbechtes Ergebnis. [&hellip;]<\/p>\n","protected":false},"author":5,"featured_media":0,"comment_status":"open","ping_status":"open","sticky":false,"template":"","format":"standard","meta":[],"categories":[1],"tags":[],"_links":{"self":[{"href":"http:\/\/www.die-weltmeisterschaft.de\/index.php?rest_route=\/wp\/v2\/posts\/15854"}],"collection":[{"href":"http:\/\/www.die-weltmeisterschaft.de\/index.php?rest_route=\/wp\/v2\/posts"}],"about":[{"href":"http:\/\/www.die-weltmeisterschaft.de\/index.php?rest_route=\/wp\/v2\/types\/post"}],"author":[{"embeddable":true,"href":"http:\/\/www.die-weltmeisterschaft.de\/index.php?rest_route=\/wp\/v2\/users\/5"}],"replies":[{"embeddable":true,"href":"http:\/\/www.die-weltmeisterschaft.de\/index.php?rest_route=%2Fwp%2Fv2%2Fcomments&post=15854"}],"version-history":[{"count":0,"href":"http:\/\/www.die-weltmeisterschaft.de\/index.php?rest_route=\/wp\/v2\/posts\/15854\/revisions"}],"wp:attachment":[{"href":"http:\/\/www.die-weltmeisterschaft.de\/index.php?rest_route=%2Fwp%2Fv2%2Fmedia&parent=15854"}],"wp:term":[{"taxonomy":"category","embeddable":true,"href":"http:\/\/www.die-weltmeisterschaft.de\/index.php?rest_route=%2Fwp%2Fv2%2Fcategories&post=15854"},{"taxonomy":"post_tag","embeddable":true,"href":"http:\/\/www.die-weltmeisterschaft.de\/index.php?rest_route=%2Fwp%2Fv2%2Ftags&post=15854"}],"curies":[{"name":"wp","href":"https:\/\/api.w.org\/{rel}","templated":true}]}}