{"id":15925,"date":"2018-08-16T10:25:05","date_gmt":"2018-08-16T10:25:05","guid":{"rendered":"http:\/\/www.die-weltmeisterschaft.de\/?p=15925"},"modified":"2018-08-16T10:25:05","modified_gmt":"2018-08-16T10:25:05","slug":"polen-em-2016-t-shirt-trikot-ubergrose-3xl-5xl-weiss-10-5xl","status":"publish","type":"post","link":"http:\/\/www.die-weltmeisterschaft.de\/?p=15925","title":{"rendered":"Polen EM 2016 T-Shirt Trikot &#8211; \u00dcbergr\u00f6\u00dfe 3XL &#8211; 5XL &#8211; weiss 10 (5XL)"},"content":{"rendered":"<p><a href=\"https:\/\/www.amazon.de\/Polen-2016-T-Shirt-Trikot-%C3%9Cbergr%C3%B6%C3%9Fe\/dp\/B01CVMPRN4?psc=1&amp;SubscriptionId=AKIAICKCSI4G3KIRU55A&amp;tag=ont05f-21&amp;linkCode=xm2&amp;camp=2025&amp;creative=165953&amp;creativeASIN=B01CVMPRN4\" rel=\"nofollow\" target=\"_blank\"><img decoding=\"async\" style=\"float:left;margin: 0 20px 10px 0\" src=\"https:\/\/images-eu.ssl-images-amazon.com\/images\/I\/41ilDWtHQ0L.jpg\" \/><\/a>T-Shirt im Trikotlook <br \/>Druck: Transferflexdruck <br \/> Material: Baumwolle<\/p>\n<h3>Product Features<\/h3>\n<ul>\n<li>Polen T-Shirt<\/li>\n<\/ul>\n<p><a class=\"amzBuyBtn\" href=\"https:\/\/www.amazon.de\/Polen-2016-T-Shirt-Trikot-%C3%9Cbergr%C3%B6%C3%9Fe\/dp\/B01CVMPRN4?psc=1&amp;SubscriptionId=AKIAICKCSI4G3KIRU55A&amp;tag=ont05f-21&amp;linkCode=xm2&amp;camp=2025&amp;creative=165953&amp;creativeASIN=B01CVMPRN4\" rel=\"nofollow\" target=\"_blank\">Click Here For More Information<\/a><\/p>\n","protected":false},"excerpt":{"rendered":"<p>T-Shirt im Trikotlook Druck: Transferflexdruck Material: Baumwolle Product Features Polen T-Shirt Click Here For More Information<\/p>\n","protected":false},"author":15,"featured_media":0,"comment_status":"open","ping_status":"open","sticky":false,"template":"","format":"standard","meta":[],"categories":[1],"tags":[],"_links":{"self":[{"href":"http:\/\/www.die-weltmeisterschaft.de\/index.php?rest_route=\/wp\/v2\/posts\/15925"}],"collection":[{"href":"http:\/\/www.die-weltmeisterschaft.de\/index.php?rest_route=\/wp\/v2\/posts"}],"about":[{"href":"http:\/\/www.die-weltmeisterschaft.de\/index.php?rest_route=\/wp\/v2\/types\/post"}],"author":[{"embeddable":true,"href":"http:\/\/www.die-weltmeisterschaft.de\/index.php?rest_route=\/wp\/v2\/users\/15"}],"replies":[{"embeddable":true,"href":"http:\/\/www.die-weltmeisterschaft.de\/index.php?rest_route=%2Fwp%2Fv2%2Fcomments&post=15925"}],"version-history":[{"count":0,"href":"http:\/\/www.die-weltmeisterschaft.de\/index.php?rest_route=\/wp\/v2\/posts\/15925\/revisions"}],"wp:attachment":[{"href":"http:\/\/www.die-weltmeisterschaft.de\/index.php?rest_route=%2Fwp%2Fv2%2Fmedia&parent=15925"}],"wp:term":[{"taxonomy":"category","embeddable":true,"href":"http:\/\/www.die-weltmeisterschaft.de\/index.php?rest_route=%2Fwp%2Fv2%2Fcategories&post=15925"},{"taxonomy":"post_tag","embeddable":true,"href":"http:\/\/www.die-weltmeisterschaft.de\/index.php?rest_route=%2Fwp%2Fv2%2Ftags&post=15925"}],"curies":[{"name":"wp","href":"https:\/\/api.w.org\/{rel}","templated":true}]}}