{"id":16011,"date":"2018-08-26T20:23:07","date_gmt":"2018-08-26T20:23:07","guid":{"rendered":"http:\/\/www.die-weltmeisterschaft.de\/?p=16011"},"modified":"2018-08-26T20:23:07","modified_gmt":"2018-08-26T20:23:07","slug":"tasse-bitte-jogi-stell-mich-auf-kaffeetasse-kaffeebecher-fan-artikel-fusball-fanartikel-deutschland-fusballgeschenk-geschenk-zur-fusball-em-fur-deutschlandfans","status":"publish","type":"post","link":"http:\/\/www.die-weltmeisterschaft.de\/?p=16011","title":{"rendered":"Tasse &#8220;Bitte Jogi stell mich auf!&#8221;, Kaffeetasse, Kaffeebecher, Fan-Artikel, Fu\u00dfball-Fanartikel, Deutschland, Fu\u00dfballgeschenk, Geschenk zur Fu\u00dfball EM, f\u00fcr Deutschlandfans"},"content":{"rendered":"<p><a href=\"https:\/\/www.amazon.de\/Kaffeetasse-Kaffeebecher-Fu%C3%9Fball-Fanartikel-Fu%C3%9Fballgeschenk-Deutschlandfans\/dp\/B01GTHQJE8?SubscriptionId=AKIAICKCSI4G3KIRU55A&amp;tag=ont05f-21&amp;linkCode=xm2&amp;camp=2025&amp;creative=165953&amp;creativeASIN=B01GTHQJE8\" rel=\"nofollow\" target=\"_blank\"><img decoding=\"async\" style=\"float:left;margin: 0 20px 10px 0\" src=\"https:\/\/images-eu.ssl-images-amazon.com\/images\/I\/41dn0M56D8L.jpg\" \/><\/a>Tasse &#8220;Bitte Jogi stell mich auf!&#8221;<br \/> &#8211; Farbe: wei\u00df<br \/> &#8211; Beidseitiger Aufdruck:&#8221;Bitte Jogi stell mich auf&#8221;<br \/> &#8211; sp\u00fclmaschinengeeignet<br \/> &#8211; H\u00f6he 95 mm, \u00d8 82 mm, ca. 360 g<br \/> &#8211; Fassungsverm\u00f6gen 375 ml<br \/> &#8211; Material: Keramik<\/p>\n<h3>Product Features<\/h3>\n<ul>\n<li>\u2605 Tasse &#8220;Bitte Jogi stell mich auf!&#8221;<\/li>\n<li>\u2605 Hochwertig, beidseitig (in Deutschland) designed &amp; bedruckt. Lange Farbbrillanz!<\/li>\n<li>\u2605 H\u00f6he 95 mm, \u00d8 82 mm, ca. 360 g<\/li>\n<li>\u2605 Hochwertige Verarbeitung. Langlebige Qualit\u00e4t. Sp\u00fclmaschinen- und mikrowellenfest.<\/li>\n<li>\u2605 Farbe: wei\u00df, Material: Keramik<\/li>\n<\/ul>\n<p><a class=\"amzBuyBtn\" href=\"https:\/\/www.amazon.de\/Kaffeetasse-Kaffeebecher-Fu%C3%9Fball-Fanartikel-Fu%C3%9Fballgeschenk-Deutschlandfans\/dp\/B01GTHQJE8?SubscriptionId=AKIAICKCSI4G3KIRU55A&amp;tag=ont05f-21&amp;linkCode=xm2&amp;camp=2025&amp;creative=165953&amp;creativeASIN=B01GTHQJE8\" rel=\"nofollow\" target=\"_blank\">Click Here For More Information<\/a><\/p>\n","protected":false},"excerpt":{"rendered":"<p>Tasse &#8220;Bitte Jogi stell mich auf!&#8221; &#8211; Farbe: wei\u00df &#8211; Beidseitiger Aufdruck:&#8221;Bitte Jogi stell mich auf&#8221; &#8211; sp\u00fclmaschinengeeignet &#8211; H\u00f6he 95 mm, \u00d8 82 mm, ca. 360 g &#8211; Fassungsverm\u00f6gen 375 ml &#8211; Material: Keramik Product Features \u2605 Tasse &#8220;Bitte Jogi stell mich auf!&#8221; \u2605 Hochwertig, beidseitig (in Deutschland) designed &amp; bedruckt. Lange Farbbrillanz! \u2605 [&hellip;]<\/p>\n","protected":false},"author":1,"featured_media":0,"comment_status":"open","ping_status":"open","sticky":false,"template":"","format":"standard","meta":[],"categories":[1],"tags":[],"_links":{"self":[{"href":"http:\/\/www.die-weltmeisterschaft.de\/index.php?rest_route=\/wp\/v2\/posts\/16011"}],"collection":[{"href":"http:\/\/www.die-weltmeisterschaft.de\/index.php?rest_route=\/wp\/v2\/posts"}],"about":[{"href":"http:\/\/www.die-weltmeisterschaft.de\/index.php?rest_route=\/wp\/v2\/types\/post"}],"author":[{"embeddable":true,"href":"http:\/\/www.die-weltmeisterschaft.de\/index.php?rest_route=\/wp\/v2\/users\/1"}],"replies":[{"embeddable":true,"href":"http:\/\/www.die-weltmeisterschaft.de\/index.php?rest_route=%2Fwp%2Fv2%2Fcomments&post=16011"}],"version-history":[{"count":0,"href":"http:\/\/www.die-weltmeisterschaft.de\/index.php?rest_route=\/wp\/v2\/posts\/16011\/revisions"}],"wp:attachment":[{"href":"http:\/\/www.die-weltmeisterschaft.de\/index.php?rest_route=%2Fwp%2Fv2%2Fmedia&parent=16011"}],"wp:term":[{"taxonomy":"category","embeddable":true,"href":"http:\/\/www.die-weltmeisterschaft.de\/index.php?rest_route=%2Fwp%2Fv2%2Fcategories&post=16011"},{"taxonomy":"post_tag","embeddable":true,"href":"http:\/\/www.die-weltmeisterschaft.de\/index.php?rest_route=%2Fwp%2Fv2%2Ftags&post=16011"}],"curies":[{"name":"wp","href":"https:\/\/api.w.org\/{rel}","templated":true}]}}