{"id":16072,"date":"2018-09-03T16:27:55","date_gmt":"2018-09-03T16:27:55","guid":{"rendered":"http:\/\/www.die-weltmeisterschaft.de\/?p=16072"},"modified":"2018-09-03T16:27:55","modified_gmt":"2018-09-03T16:27:55","slug":"adidas-jungen-torwart-bekleidungsset-fc-bayern-munchen-ausrustung-home-goalkeeper-mini-kit-set-topnight-night-marine-bottomnight-indigored-92","status":"publish","type":"post","link":"http:\/\/www.die-weltmeisterschaft.de\/?p=16072","title":{"rendered":"adidas Jungen Torwart-Bekleidungsset FC Bayern M\u00fcnchen Ausr\u00fcstung Home Goalkeeper Mini Kit Set, Top:Night Night Marine Bottom:Night Indigo\/Red, 92"},"content":{"rendered":"<p><a href=\"https:\/\/www.amazon.de\/adidas-Torwart-Bekleidungsset-M%C3%BCnchen-Ausr%C3%BCstung-Goalkeeper\/dp\/B01FMJ1NI6?psc=1&amp;SubscriptionId=AKIAICKCSI4G3KIRU55A&amp;tag=ont05f-21&amp;linkCode=xm2&amp;camp=2025&amp;creative=165953&amp;creativeASIN=B01FMJ1NI6\" rel=\"nofollow\" target=\"_blank\"><img decoding=\"async\" style=\"float:left;margin: 0 20px 10px 0\" src=\"https:\/\/images-eu.ssl-images-amazon.com\/images\/I\/518dfvcozAL.jpg\" \/><\/a>adidas Performance FC Bayern Torwart Minikit 2017 blau, 100% Polyester<\/p>\n<p>Geschlecht: Jungen|M\u00e4dchen<\/p>\n<p>Hersteller: adidas Performance<\/p>\n<p>Kollektion: Heim<\/p>\n<p>Material: 100% Polyester<\/p>\n<p>Saison: 2016\/17<\/p>\n<p>Team: FC Bayern M\u00fcnchen<\/p>\n<p>Offizielles adidas Lizenzprodukt<\/p>\n<p>CLIMACOOL: Sorgt f\u00fcr W\u00e4rme- und Feuchtigkeitsmanagement durch Ventilationszonen<\/p>\n<p>Gedrucktes Vereinslogo<\/p>\n<p>Kordelzug am elastischen Bund<\/p>\n<p>Bestehend aus Trikot und Short<\/p>\n<h3>Product Features<\/h3>\n<ul>\n<li>Innenbeinl\u00e4nge 13,5 cm<\/li>\n<li>climacool Bel\u00fcftung<\/li>\n<li>Dieser Artikel ist Teil des adidas Sustainable Product Program f\u00fcr einen verantwortungsvolleren Umgang mit unserer Umwelt durch nachhaltig hergestellte Produkte<\/li>\n<\/ul>\n<p><a class=\"amzBuyBtn\" href=\"https:\/\/www.amazon.de\/adidas-Torwart-Bekleidungsset-M%C3%BCnchen-Ausr%C3%BCstung-Goalkeeper\/dp\/B01FMJ1NI6?psc=1&amp;SubscriptionId=AKIAICKCSI4G3KIRU55A&amp;tag=ont05f-21&amp;linkCode=xm2&amp;camp=2025&amp;creative=165953&amp;creativeASIN=B01FMJ1NI6\" rel=\"nofollow\" target=\"_blank\">Click Here For More Information<\/a><\/p>\n","protected":false},"excerpt":{"rendered":"<p>adidas Performance FC Bayern Torwart Minikit 2017 blau, 100% Polyester Geschlecht: Jungen|M\u00e4dchen Hersteller: adidas Performance Kollektion: Heim Material: 100% Polyester Saison: 2016\/17 Team: FC Bayern M\u00fcnchen Offizielles adidas Lizenzprodukt CLIMACOOL: Sorgt f\u00fcr W\u00e4rme- und Feuchtigkeitsmanagement durch Ventilationszonen Gedrucktes Vereinslogo Kordelzug am elastischen Bund Bestehend aus Trikot und Short Product Features Innenbeinl\u00e4nge 13,5 cm climacool Bel\u00fcftung [&hellip;]<\/p>\n","protected":false},"author":9,"featured_media":0,"comment_status":"open","ping_status":"open","sticky":false,"template":"","format":"standard","meta":[],"categories":[1],"tags":[],"_links":{"self":[{"href":"http:\/\/www.die-weltmeisterschaft.de\/index.php?rest_route=\/wp\/v2\/posts\/16072"}],"collection":[{"href":"http:\/\/www.die-weltmeisterschaft.de\/index.php?rest_route=\/wp\/v2\/posts"}],"about":[{"href":"http:\/\/www.die-weltmeisterschaft.de\/index.php?rest_route=\/wp\/v2\/types\/post"}],"author":[{"embeddable":true,"href":"http:\/\/www.die-weltmeisterschaft.de\/index.php?rest_route=\/wp\/v2\/users\/9"}],"replies":[{"embeddable":true,"href":"http:\/\/www.die-weltmeisterschaft.de\/index.php?rest_route=%2Fwp%2Fv2%2Fcomments&post=16072"}],"version-history":[{"count":0,"href":"http:\/\/www.die-weltmeisterschaft.de\/index.php?rest_route=\/wp\/v2\/posts\/16072\/revisions"}],"wp:attachment":[{"href":"http:\/\/www.die-weltmeisterschaft.de\/index.php?rest_route=%2Fwp%2Fv2%2Fmedia&parent=16072"}],"wp:term":[{"taxonomy":"category","embeddable":true,"href":"http:\/\/www.die-weltmeisterschaft.de\/index.php?rest_route=%2Fwp%2Fv2%2Fcategories&post=16072"},{"taxonomy":"post_tag","embeddable":true,"href":"http:\/\/www.die-weltmeisterschaft.de\/index.php?rest_route=%2Fwp%2Fv2%2Ftags&post=16072"}],"curies":[{"name":"wp","href":"https:\/\/api.w.org\/{rel}","templated":true}]}}