{"id":16158,"date":"2018-09-15T23:25:04","date_gmt":"2018-09-15T23:25:04","guid":{"rendered":"http:\/\/www.die-weltmeisterschaft.de\/?p=16158"},"modified":"2018-09-15T23:25:04","modified_gmt":"2018-09-15T23:25:04","slug":"turnbeutel-mit-kordel-sportbeutel-deutschland-wm-em-fanartikel-fusball-germany","status":"publish","type":"post","link":"http:\/\/www.die-weltmeisterschaft.de\/?p=16158","title":{"rendered":"Turnbeutel, mit Kordel Sportbeutel Deutschland WM EM Fanartikel Fu\u00dfball Germany"},"content":{"rendered":"<p><a href=\"https:\/\/www.amazon.de\/Turnbeutel-Sportbeutel-Deutschland-Fanartikel-Fu%C3%9Fball\/dp\/B07B8TJ8TG?SubscriptionId=AKIAICKCSI4G3KIRU55A&amp;tag=ont05f-21&amp;linkCode=xm2&amp;camp=2025&amp;creative=165953&amp;creativeASIN=B07B8TJ8TG\" rel=\"nofollow\" target=\"_blank\"><img decoding=\"async\" style=\"float:left;margin: 0 20px 10px 0\" src=\"https:\/\/images-eu.ssl-images-amazon.com\/images\/I\/51G08WUipZL.jpg\" \/><\/a><b>&#8220;Ein perfekter Begleiter&#8221;<\/b><\/p>\n<p> Sei es beim Fu\u00dfball, Basketball, Handball, Leichtathletik, Rugby, Schwimmen, Olympia, oder Eishockey, <\/br> mit diesem Turnbeutel stehen Sie immer hinter Ihrem Nationalteam! <\/br> Er eignet sich nicht nur f\u00fcr den Sport, sondern er ist auch super geeignet f\u00fcr die Schule, Kindergarten<\/br> oder den allt\u00e4glichen Alltag. Der Turnbeutel ist schwarz rot gold und auf der Vorderen und hinteren R\u00fcckseite bedruckt mit einem<\/br> &#8220;Fu\u00dfball&#8221; und mit der Aufschrift &#8220;Deutschland&#8221;. <\/br> Er ist mit einer schwarzen Kordel versehen und l\u00e4sst sich einfach zusammenziehen.<\/br> Die \u00d6sen an den Ecken sind verst\u00e4rkt. <\/br> Man tr\u00e4gt Ihn entweder \u00fcber eine Schulter wie eine Tasche oder auf dem R\u00fccken wie ein Rucksack.<\/p>\n<p> Aufgrund der Lichtverh\u00e4ltnisse bei der Produktfotografie und unterschiedlichen<\/br> Bildschirmeinstellungen kann es dazu kommen, dass die Farbe des Produktes nicht<\/br> authentisch wiedergegeben wird.<\/p>\n<p> Viele weitere Accessoires, sowie eine gro\u00dfe Auswahl an passenden Kost\u00fcmen und<\/br> Dekorationsartikel f\u00fcr jeden Anlass finden Sie in unserem Sortiment.<\/br><\/p>\n<h3>Product Features<\/h3>\n<ul>\n<li>Lieferumfang: 1-tlg. Turnbeutel<\/li>\n<li>Farbe: schwarz-rot-gold<\/li>\n<li>Material: 100% Polyester<\/li>\n<li>Gr\u00f6\u00dfe: ca. 35 x 42cm<\/li>\n<li>Kordel schwarz<\/li>\n<\/ul>\n<p><a class=\"amzBuyBtn\" href=\"https:\/\/www.amazon.de\/Turnbeutel-Sportbeutel-Deutschland-Fanartikel-Fu%C3%9Fball\/dp\/B07B8TJ8TG?SubscriptionId=AKIAICKCSI4G3KIRU55A&amp;tag=ont05f-21&amp;linkCode=xm2&amp;camp=2025&amp;creative=165953&amp;creativeASIN=B07B8TJ8TG\" rel=\"nofollow\" target=\"_blank\">Click Here For More Information<\/a><\/p>\n","protected":false},"excerpt":{"rendered":"<p>&#8220;Ein perfekter Begleiter&#8221; Sei es beim Fu\u00dfball, Basketball, Handball, Leichtathletik, Rugby, Schwimmen, Olympia, oder Eishockey, mit diesem Turnbeutel stehen Sie immer hinter Ihrem Nationalteam! Er eignet sich nicht nur f\u00fcr den Sport, sondern er ist auch super geeignet f\u00fcr die Schule, Kindergarten oder den allt\u00e4glichen Alltag. Der Turnbeutel ist schwarz rot gold und auf der [&hellip;]<\/p>\n","protected":false},"author":7,"featured_media":0,"comment_status":"open","ping_status":"open","sticky":false,"template":"","format":"standard","meta":[],"categories":[1],"tags":[],"_links":{"self":[{"href":"http:\/\/www.die-weltmeisterschaft.de\/index.php?rest_route=\/wp\/v2\/posts\/16158"}],"collection":[{"href":"http:\/\/www.die-weltmeisterschaft.de\/index.php?rest_route=\/wp\/v2\/posts"}],"about":[{"href":"http:\/\/www.die-weltmeisterschaft.de\/index.php?rest_route=\/wp\/v2\/types\/post"}],"author":[{"embeddable":true,"href":"http:\/\/www.die-weltmeisterschaft.de\/index.php?rest_route=\/wp\/v2\/users\/7"}],"replies":[{"embeddable":true,"href":"http:\/\/www.die-weltmeisterschaft.de\/index.php?rest_route=%2Fwp%2Fv2%2Fcomments&post=16158"}],"version-history":[{"count":0,"href":"http:\/\/www.die-weltmeisterschaft.de\/index.php?rest_route=\/wp\/v2\/posts\/16158\/revisions"}],"wp:attachment":[{"href":"http:\/\/www.die-weltmeisterschaft.de\/index.php?rest_route=%2Fwp%2Fv2%2Fmedia&parent=16158"}],"wp:term":[{"taxonomy":"category","embeddable":true,"href":"http:\/\/www.die-weltmeisterschaft.de\/index.php?rest_route=%2Fwp%2Fv2%2Fcategories&post=16158"},{"taxonomy":"post_tag","embeddable":true,"href":"http:\/\/www.die-weltmeisterschaft.de\/index.php?rest_route=%2Fwp%2Fv2%2Ftags&post=16158"}],"curies":[{"name":"wp","href":"https:\/\/api.w.org\/{rel}","templated":true}]}}