{"id":16229,"date":"2018-09-26T09:25:16","date_gmt":"2018-09-26T09:25:16","guid":{"rendered":"http:\/\/www.die-weltmeisterschaft.de\/?p=16229"},"modified":"2018-09-26T09:25:16","modified_gmt":"2018-09-26T09:25:16","slug":"adidas-spanien-trikot-kinder-blau-hellblau-em-2012-176","status":"publish","type":"post","link":"http:\/\/www.die-weltmeisterschaft.de\/?p=16229","title":{"rendered":"adidas Spanien Trikot Kinder blau hellblau EM 2012 (176)"},"content":{"rendered":"<p>R\u00fcste Dich f\u00fcr die WM 2018 in Ru\u00dfland. Stelle Dich hinter Deine Mannschaft und zeige Deine Unterst\u00fctzung mit dem adidas Spanien Trikot in hellblau. Das Trikot der spanischen Nationalmannschaft ist aus 100% Polyester. Das Trikot des Weltmeisters von 2010.<\/p>\n<h3>Product Features<\/h3>\n<ul>\n<li>Spanien Wappen auf der linken Brust<\/li>\n<li>CLIMACOOL Technologie<\/li>\n<li>unbeflockt (ohne Name und Nummer)<\/li>\n<li>ClimaCool: Bleibe trocken und f\u00fchle Dich wohl. ClimaCool h\u00e4lt Deinen K\u00f6rper trocken, indem es Schwei\u00df von der Haut aufsaugt und nach Au\u00dfen abgibt.<\/li>\n<li>100% Polyester<\/li>\n<\/ul>\n<p><a class=\"amzBuyBtn\" href=\"https:\/\/www.amazon.de\/adidas-Spanien-Trikot-Kinder-hellblau\/dp\/B07HM98XTT?psc=1&amp;SubscriptionId=AKIAICKCSI4G3KIRU55A&amp;tag=ont05f-21&amp;linkCode=xm2&amp;camp=2025&amp;creative=165953&amp;creativeASIN=B07HM98XTT\" rel=\"nofollow\" target=\"_blank\">Click Here For More Information<\/a><\/p>\n","protected":false},"excerpt":{"rendered":"<p>R\u00fcste Dich f\u00fcr die WM 2018 in Ru\u00dfland. Stelle Dich hinter Deine Mannschaft und zeige Deine Unterst\u00fctzung mit dem adidas Spanien Trikot in hellblau. Das Trikot der spanischen Nationalmannschaft ist aus 100% Polyester. Das Trikot des Weltmeisters von 2010. Product Features Spanien Wappen auf der linken Brust CLIMACOOL Technologie unbeflockt (ohne Name und Nummer) ClimaCool: [&hellip;]<\/p>\n","protected":false},"author":16,"featured_media":0,"comment_status":"open","ping_status":"open","sticky":false,"template":"","format":"standard","meta":[],"categories":[1],"tags":[],"_links":{"self":[{"href":"http:\/\/www.die-weltmeisterschaft.de\/index.php?rest_route=\/wp\/v2\/posts\/16229"}],"collection":[{"href":"http:\/\/www.die-weltmeisterschaft.de\/index.php?rest_route=\/wp\/v2\/posts"}],"about":[{"href":"http:\/\/www.die-weltmeisterschaft.de\/index.php?rest_route=\/wp\/v2\/types\/post"}],"author":[{"embeddable":true,"href":"http:\/\/www.die-weltmeisterschaft.de\/index.php?rest_route=\/wp\/v2\/users\/16"}],"replies":[{"embeddable":true,"href":"http:\/\/www.die-weltmeisterschaft.de\/index.php?rest_route=%2Fwp%2Fv2%2Fcomments&post=16229"}],"version-history":[{"count":0,"href":"http:\/\/www.die-weltmeisterschaft.de\/index.php?rest_route=\/wp\/v2\/posts\/16229\/revisions"}],"wp:attachment":[{"href":"http:\/\/www.die-weltmeisterschaft.de\/index.php?rest_route=%2Fwp%2Fv2%2Fmedia&parent=16229"}],"wp:term":[{"taxonomy":"category","embeddable":true,"href":"http:\/\/www.die-weltmeisterschaft.de\/index.php?rest_route=%2Fwp%2Fv2%2Fcategories&post=16229"},{"taxonomy":"post_tag","embeddable":true,"href":"http:\/\/www.die-weltmeisterschaft.de\/index.php?rest_route=%2Fwp%2Fv2%2Ftags&post=16229"}],"curies":[{"name":"wp","href":"https:\/\/api.w.org\/{rel}","templated":true}]}}