{"id":16232,"date":"2018-09-26T18:31:55","date_gmt":"2018-09-26T18:31:55","guid":{"rendered":"http:\/\/www.die-weltmeisterschaft.de\/?p=16232"},"modified":"2018-09-26T18:31:55","modified_gmt":"2018-09-26T18:31:55","slug":"world-of-football-player-shirt-holland-sneijder-152","status":"publish","type":"post","link":"http:\/\/www.die-weltmeisterschaft.de\/?p=16232","title":{"rendered":"World of Football Player Shirt Holland Sneijder &#8211; 152"},"content":{"rendered":"<p><a href=\"https:\/\/www.amazon.de\/World-Football-Player-Holland-Sneijder\/dp\/B003TW110Y?psc=1&amp;SubscriptionId=AKIAICKCSI4G3KIRU55A&amp;tag=ont05f-21&amp;linkCode=xm2&amp;camp=2025&amp;creative=165953&amp;creativeASIN=B003TW110Y\" rel=\"nofollow\" target=\"_blank\"><img decoding=\"async\" style=\"float:left;margin: 0 20px 10px 0\" src=\"https:\/\/images-eu.ssl-images-amazon.com\/images\/I\/41nNBl8wI1L.jpg\" \/><\/a>Wesley Sneijder steht seit dem Sommer 2009 bei Inter Mailand in der italienischen Serie A unter Vertrag und ist zudem aktueller Nationalspieler seines Landes. Im August 2007 wechselte Sneijder f\u00fcr 27 Millionen Euro zum spanischen Rekordmeister Real Madrid in die Primera Division, wo er einen Vertrag bis 2012 unterschrieb. F\u00fcr Ajax Amsterdam war dies die bis dahin h\u00f6chste jemals kassierte Abl\u00f6sesumme f\u00fcr einen Spieler. In den ersten drei Ligaspielen f\u00fcr Real erzielte Sneijder vier Tore und sicherte sich einen Stammplatz.Am 28. August 2009 meldete Inter Mailand die Verpflichtung Sneijders f\u00fcr eine Transfersumme von circa 15 Millionen Euro. Bei Inter erh\u00e4lt er einen Vier-Jahres-Vertrag und die R\u00fcckennummer 10. Am 3. Oktober 2009 erzielte er gegen Udinese Calcio, in der 93. Minute, das 2:1 im Giuseppe-Meazza-Stadion, das auch zugleich sein erstes Tor f\u00fcr die Nerazzuri ist. Mit Inter gewann Sneijder 2010 das Triple aus Meisterschaft, Pokal und Champions League, woran auch Sneijder mit starken Leistungen einen gewissen Anteil hatte. Sein erstes Spiel f\u00fcr die niederl\u00e4ndische Nationalmannschaft absolvierte Sneijder am 30. April 2003 gegen Portugal, davor war er bereits bei der U 21 zum Einsatz gekommen. Er geh\u00f6rte zur Stammformation der Niederl\u00e4nder bei der WM 2006 und stand auch bei der EM 2008 im Kader der Elftal. In den ersten zwei Gruppenspielen gegen Frankreich und Italien erzielte er jeweils ein Tor und wurde zum \u201eSpieler des Tages\u201c gek\u00fcrt.Anfang Juni 2010 wurde er in den Kader f\u00fcr die Weltmeisterschaft 2010 in S\u00fcdafrika berufen.<br \/>Textilinfos:rundhals T-Shirt im Retro Stil mit farblich abgesetztem Bund und \u00c4rmelabschluss, bei den Kindergr\u00f6\u00dfen ist das T-Shirt im Unterschied zum Erwachsenen T-Shirt ein einfarbiges Modell, ohne farblich abgesetzten Kragen!!<br \/>Material: 100% BW<\/p>\n<h3>Product Features<\/h3>\n<ul>\n<li>100% Baumwolle<\/li>\n<li>Kragenform: Rundhals T-Shirt<\/li>\n<li>klassischer Schnitt<\/li>\n<li>Club: Holland<\/li>\n<li>Pflegehinweis: Maschinenw\u00e4sche 40\u00b0<\/li>\n<\/ul>\n<p><a class=\"amzBuyBtn\" href=\"https:\/\/www.amazon.de\/World-Football-Player-Holland-Sneijder\/dp\/B003TW110Y?psc=1&amp;SubscriptionId=AKIAICKCSI4G3KIRU55A&amp;tag=ont05f-21&amp;linkCode=xm2&amp;camp=2025&amp;creative=165953&amp;creativeASIN=B003TW110Y\" rel=\"nofollow\" target=\"_blank\">Click Here For More Information<\/a><\/p>\n","protected":false},"excerpt":{"rendered":"<p>Wesley Sneijder steht seit dem Sommer 2009 bei Inter Mailand in der italienischen Serie A unter Vertrag und ist zudem aktueller Nationalspieler seines Landes. Im August 2007 wechselte Sneijder f\u00fcr 27 Millionen Euro zum spanischen Rekordmeister Real Madrid in die Primera Division, wo er einen Vertrag bis 2012 unterschrieb. F\u00fcr Ajax Amsterdam war dies die [&hellip;]<\/p>\n","protected":false},"author":7,"featured_media":0,"comment_status":"open","ping_status":"open","sticky":false,"template":"","format":"standard","meta":[],"categories":[1],"tags":[],"_links":{"self":[{"href":"http:\/\/www.die-weltmeisterschaft.de\/index.php?rest_route=\/wp\/v2\/posts\/16232"}],"collection":[{"href":"http:\/\/www.die-weltmeisterschaft.de\/index.php?rest_route=\/wp\/v2\/posts"}],"about":[{"href":"http:\/\/www.die-weltmeisterschaft.de\/index.php?rest_route=\/wp\/v2\/types\/post"}],"author":[{"embeddable":true,"href":"http:\/\/www.die-weltmeisterschaft.de\/index.php?rest_route=\/wp\/v2\/users\/7"}],"replies":[{"embeddable":true,"href":"http:\/\/www.die-weltmeisterschaft.de\/index.php?rest_route=%2Fwp%2Fv2%2Fcomments&post=16232"}],"version-history":[{"count":0,"href":"http:\/\/www.die-weltmeisterschaft.de\/index.php?rest_route=\/wp\/v2\/posts\/16232\/revisions"}],"wp:attachment":[{"href":"http:\/\/www.die-weltmeisterschaft.de\/index.php?rest_route=%2Fwp%2Fv2%2Fmedia&parent=16232"}],"wp:term":[{"taxonomy":"category","embeddable":true,"href":"http:\/\/www.die-weltmeisterschaft.de\/index.php?rest_route=%2Fwp%2Fv2%2Fcategories&post=16232"},{"taxonomy":"post_tag","embeddable":true,"href":"http:\/\/www.die-weltmeisterschaft.de\/index.php?rest_route=%2Fwp%2Fv2%2Ftags&post=16232"}],"curies":[{"name":"wp","href":"https:\/\/api.w.org\/{rel}","templated":true}]}}