{"id":16427,"date":"2018-10-22T07:24:14","date_gmt":"2018-10-22T07:24:14","guid":{"rendered":"http:\/\/www.die-weltmeisterschaft.de\/?p=16427"},"modified":"2018-10-22T07:24:14","modified_gmt":"2018-10-22T07:24:14","slug":"piersando-autofahne-set-2-stuck-auto-fahne-fussball-em-wm-landerflagge-fanartikel-land-flagge-autoset-turkei","status":"publish","type":"post","link":"http:\/\/www.die-weltmeisterschaft.de\/?p=16427","title":{"rendered":"Piersando Autofahne Set 2 St\u00fcck Auto Fahne Fussball EM &amp; WM L\u00e4nderflagge Fanartikel Land Flagge Autoset T\u00fcrkei"},"content":{"rendered":"<p><a href=\"https:\/\/www.amazon.de\/Piersando-Autofahne-Fussball-L%C3%A4nderflagge-Fanartikel\/dp\/B01GVCFHFI?SubscriptionId=AKIAICKCSI4G3KIRU55A&amp;tag=ont05f-21&amp;linkCode=xm2&amp;camp=2025&amp;creative=165953&amp;creativeASIN=B01GVCFHFI\" rel=\"nofollow\" target=\"_blank\"><img decoding=\"async\" style=\"float:left;margin: 0 20px 10px 0\" src=\"https:\/\/images-eu.ssl-images-amazon.com\/images\/I\/41HdrhlATRL.jpg\" \/><\/a>St\u00fcckzahl: 2 St\u00fcck. <br \/>Gr\u00f6\u00dfe: 45 cm x 30 cm. <br \/>Material: 100% Polyester. <br \/>Merkmale: Stabl\u00e4nge ca.45cm aus Kunststoff, UV &#8211; best\u00e4ndig beidseitig bedruckt, Ums\u00e4umter Rand. <br \/>L\u00e4nder: Deutschland Schwarz Rot Gold (Germany), Italien (Italy, Italia), \u00d6sterreich (Austria) oder T\u00fcrkei (Turkey, T\u00fcrkiye) &#8211; je nach Auswahl<\/p>\n<h3>Product Features<\/h3>\n<ul>\n<li>St\u00fcckzahl: 2 St\u00fcck. Gr\u00f6\u00dfe: 45 cm x 30 cm. Material: 100% Polyester. Merkmale: Stabl\u00e4nge ca.45cm aus Kunststoff, UV &#8211; best\u00e4ndig beidseitig bedruckt, Ums\u00e4umter Rand. L\u00e4nder: Deutschland Schwarz Rot Gold (Germany), Italien (Italy, Italia), \u00d6sterreich (Austria) oder T\u00fcrkei (Turkey, T\u00fcrkiye) &#8211; je nach Auswahl<\/li>\n<li>Fan Artikel f\u00fcr Damen, Herren oder Kinder &#8211; bei Piersando\u00ae finden Sie das passende Geschenk f\u00fcr jeden Anlass. Perfekt f\u00fcr Weltmeisterschaft und Europameisterschaft. Passend zu vielen anderen Fanartikeln wie Trikot, Brille, Armband, Sticker, Deko, Dekoration, Fahne, Wimpel. Unterst\u00fctze deine mannschaft mit diesen coolen Produkten.<\/li>\n<\/ul>\n<p><a class=\"amzBuyBtn\" href=\"https:\/\/www.amazon.de\/Piersando-Autofahne-Fussball-L%C3%A4nderflagge-Fanartikel\/dp\/B01GVCFHFI?SubscriptionId=AKIAICKCSI4G3KIRU55A&amp;tag=ont05f-21&amp;linkCode=xm2&amp;camp=2025&amp;creative=165953&amp;creativeASIN=B01GVCFHFI\" rel=\"nofollow\" target=\"_blank\">Click Here For More Information<\/a><\/p>\n","protected":false},"excerpt":{"rendered":"<p>St\u00fcckzahl: 2 St\u00fcck. Gr\u00f6\u00dfe: 45 cm x 30 cm. Material: 100% Polyester. Merkmale: Stabl\u00e4nge ca.45cm aus Kunststoff, UV &#8211; best\u00e4ndig beidseitig bedruckt, Ums\u00e4umter Rand. L\u00e4nder: Deutschland Schwarz Rot Gold (Germany), Italien (Italy, Italia), \u00d6sterreich (Austria) oder T\u00fcrkei (Turkey, T\u00fcrkiye) &#8211; je nach Auswahl Product Features St\u00fcckzahl: 2 St\u00fcck. Gr\u00f6\u00dfe: 45 cm x 30 cm. Material: [&hellip;]<\/p>\n","protected":false},"author":2,"featured_media":0,"comment_status":"open","ping_status":"open","sticky":false,"template":"","format":"standard","meta":[],"categories":[1],"tags":[],"_links":{"self":[{"href":"http:\/\/www.die-weltmeisterschaft.de\/index.php?rest_route=\/wp\/v2\/posts\/16427"}],"collection":[{"href":"http:\/\/www.die-weltmeisterschaft.de\/index.php?rest_route=\/wp\/v2\/posts"}],"about":[{"href":"http:\/\/www.die-weltmeisterschaft.de\/index.php?rest_route=\/wp\/v2\/types\/post"}],"author":[{"embeddable":true,"href":"http:\/\/www.die-weltmeisterschaft.de\/index.php?rest_route=\/wp\/v2\/users\/2"}],"replies":[{"embeddable":true,"href":"http:\/\/www.die-weltmeisterschaft.de\/index.php?rest_route=%2Fwp%2Fv2%2Fcomments&post=16427"}],"version-history":[{"count":0,"href":"http:\/\/www.die-weltmeisterschaft.de\/index.php?rest_route=\/wp\/v2\/posts\/16427\/revisions"}],"wp:attachment":[{"href":"http:\/\/www.die-weltmeisterschaft.de\/index.php?rest_route=%2Fwp%2Fv2%2Fmedia&parent=16427"}],"wp:term":[{"taxonomy":"category","embeddable":true,"href":"http:\/\/www.die-weltmeisterschaft.de\/index.php?rest_route=%2Fwp%2Fv2%2Fcategories&post=16427"},{"taxonomy":"post_tag","embeddable":true,"href":"http:\/\/www.die-weltmeisterschaft.de\/index.php?rest_route=%2Fwp%2Fv2%2Ftags&post=16427"}],"curies":[{"name":"wp","href":"https:\/\/api.w.org\/{rel}","templated":true}]}}